{"id":249,"date":"2022-03-03T11:53:10","date_gmt":"2022-03-03T09:53:10","guid":{"rendered":"http:\/\/blocs.xarxanet.org\/escolagavina\/?p=249"},"modified":"2022-03-03T11:53:10","modified_gmt":"2022-03-03T09:53:10","slug":"final-del-carnestoltes","status":"publish","type":"post","link":"https:\/\/blocs.xarxanet.org\/escolagavina\/2022\/03\/03\/final-del-carnestoltes\/","title":{"rendered":"FINAL DEL CARNESTOLTES"},"content":{"rendered":"<p>Ahir va ser el dimecres de cendre i com diu la tradici\u00f3 va ser el final de la reina carnestoltes !!!<\/p>\n<p>Tamb\u00e9 vam fer un mural entre tota l&#8217;escola on vam penjar sardines amb prop\u00f2sits per als seg\u00fcents dies i vam donar la benvinguda a la vella quaresma!<img loading=\"lazy\" decoding=\"async\" class=\"alignnone size-medium wp-image-250\" src=\"http:\/\/blocs.xarxanet.org\/escolagavina\/files\/2022\/03\/PHOTO-2022-03-02-19-34-27-135x300.jpg\" alt=\"\" width=\"135\" height=\"300\" srcset=\"https:\/\/blocs.xarxanet.org\/escolagavina\/files\/2022\/03\/PHOTO-2022-03-02-19-34-27-135x300.jpg 135w, https:\/\/blocs.xarxanet.org\/escolagavina\/files\/2022\/03\/PHOTO-2022-03-02-19-34-27-768x1707.jpg 768w, https:\/\/blocs.xarxanet.org\/escolagavina\/files\/2022\/03\/PHOTO-2022-03-02-19-34-27-461x1024.jpg 461w, https:\/\/blocs.xarxanet.org\/escolagavina\/files\/2022\/03\/PHOTO-2022-03-02-19-34-27-360x800.jpg 360w, https:\/\/blocs.xarxanet.org\/escolagavina\/files\/2022\/03\/PHOTO-2022-03-02-19-34-27.jpg 900w\" sizes=\"auto, (max-width: 135px) 85vw, 135px\" \/> <img loading=\"lazy\" decoding=\"async\" class=\"alignnone size-medium wp-image-251\" src=\"http:\/\/blocs.xarxanet.org\/escolagavina\/files\/2022\/03\/PHOTO-2022-03-02-19-34-03-265x300.jpg\" alt=\"\" width=\"265\" height=\"300\" srcset=\"https:\/\/blocs.xarxanet.org\/escolagavina\/files\/2022\/03\/PHOTO-2022-03-02-19-34-03-265x300.jpg 265w, https:\/\/blocs.xarxanet.org\/escolagavina\/files\/2022\/03\/PHOTO-2022-03-02-19-34-03-768x868.jpg 768w, https:\/\/blocs.xarxanet.org\/escolagavina\/files\/2022\/03\/PHOTO-2022-03-02-19-34-03-906x1024.jpg 906w, https:\/\/blocs.xarxanet.org\/escolagavina\/files\/2022\/03\/PHOTO-2022-03-02-19-34-03-708x800.jpg 708w, https:\/\/blocs.xarxanet.org\/escolagavina\/files\/2022\/03\/PHOTO-2022-03-02-19-34-03.jpg 1415w\" sizes=\"auto, (max-width: 265px) 85vw, 265px\" \/><\/p>\n","protected":false},"excerpt":{"rendered":"<p>Ahir va ser el dimecres de cendre i com diu la tradici\u00f3 va ser el final de la reina carnestoltes !!! Tamb\u00e9 vam fer un mural entre tota l&#8217;escola on vam penjar sardines amb prop\u00f2sits per als seg\u00fcents dies i vam donar la benvinguda a la vella quaresma!<\/p>\n","protected":false},"author":489,"featured_media":0,"comment_status":"open","ping_status":"open","sticky":false,"template":"","format":"standard","meta":{"footnotes":""},"categories":[13],"tags":[],"class_list":["post-249","post","type-post","status-publish","format-standard","hentry","category-general"],"_links":{"self":[{"href":"https:\/\/blocs.xarxanet.org\/escolagavina\/wp-json\/wp\/v2\/posts\/249","targetHints":{"allow":["GET"]}}],"collection":[{"href":"https:\/\/blocs.xarxanet.org\/escolagavina\/wp-json\/wp\/v2\/posts"}],"about":[{"href":"https:\/\/blocs.xarxanet.org\/escolagavina\/wp-json\/wp\/v2\/types\/post"}],"author":[{"embeddable":true,"href":"https:\/\/blocs.xarxanet.org\/escolagavina\/wp-json\/wp\/v2\/users\/489"}],"replies":[{"embeddable":true,"href":"https:\/\/blocs.xarxanet.org\/escolagavina\/wp-json\/wp\/v2\/comments?post=249"}],"version-history":[{"count":1,"href":"https:\/\/blocs.xarxanet.org\/escolagavina\/wp-json\/wp\/v2\/posts\/249\/revisions"}],"predecessor-version":[{"id":252,"href":"https:\/\/blocs.xarxanet.org\/escolagavina\/wp-json\/wp\/v2\/posts\/249\/revisions\/252"}],"wp:attachment":[{"href":"https:\/\/blocs.xarxanet.org\/escolagavina\/wp-json\/wp\/v2\/media?parent=249"}],"wp:term":[{"taxonomy":"category","embeddable":true,"href":"https:\/\/blocs.xarxanet.org\/escolagavina\/wp-json\/wp\/v2\/categories?post=249"},{"taxonomy":"post_tag","embeddable":true,"href":"https:\/\/blocs.xarxanet.org\/escolagavina\/wp-json\/wp\/v2\/tags?post=249"}],"curies":[{"name":"wp","href":"https:\/\/api.w.org\/{rel}","templated":true}]}}