{"id":154,"date":"2021-12-02T11:43:30","date_gmt":"2021-12-02T09:43:30","guid":{"rendered":"http:\/\/blocs.xarxanet.org\/escolagavina\/?p=154"},"modified":"2021-12-02T12:02:10","modified_gmt":"2021-12-02T10:02:10","slug":"dia-internacional-per-leliminacio-de-les-violencies-masclistes","status":"publish","type":"post","link":"https:\/\/blocs.xarxanet.org\/escolagavina\/2021\/12\/02\/dia-internacional-per-leliminacio-de-les-violencies-masclistes\/","title":{"rendered":"DIA INTERNACIONAL PER L&#8217;ELIMINACI\u00d3 DE LES VIOL\u00c8NCIES MASCLISTES"},"content":{"rendered":"<p><img loading=\"lazy\" decoding=\"async\" class=\"alignnone size-medium wp-image-164\" src=\"http:\/\/blocs.xarxanet.org\/escolagavina\/files\/2021\/12\/Captura-1-262x300.jpg\" alt=\"\" width=\"262\" height=\"300\" srcset=\"https:\/\/blocs.xarxanet.org\/escolagavina\/files\/2021\/12\/Captura-1-262x300.jpg 262w, https:\/\/blocs.xarxanet.org\/escolagavina\/files\/2021\/12\/Captura-1.jpg 322w\" sizes=\"auto, (max-width: 262px) 85vw, 262px\" \/><\/p>\n<p>El 25 de novembre, a l&#8217;escola\u00a0 hem treballat el dia per la eliminaci\u00f3 de la viol\u00e8ncia contra les dones i hem esbrinat per qu\u00e8 \u00e9s aquest dia: al 1960 van trobar de les tres germanes Miraval assassinades per la policia secreta de la Rep\u00fablica Dominicana, activistes feministes i contr\u00e0ries al r\u00e8gim de Rafael Trujillo.<\/p>\n<p><strong>Cal dir que l&#8217;escola educa per la pau i la conviv\u00e8ncia.<\/strong><\/p>\n<p>&nbsp;<\/p>\n","protected":false},"excerpt":{"rendered":"<p>El 25 de novembre, a l&#8217;escola\u00a0 hem treballat el dia per la eliminaci\u00f3 de la viol\u00e8ncia contra les dones i hem esbrinat per qu\u00e8 \u00e9s aquest dia: al 1960 van trobar de les tres germanes Miraval assassinades per la policia secreta de la Rep\u00fablica Dominicana, activistes feministes i contr\u00e0ries al r\u00e8gim de Rafael Trujillo. Cal &hellip; <a href=\"https:\/\/blocs.xarxanet.org\/escolagavina\/2021\/12\/02\/dia-internacional-per-leliminacio-de-les-violencies-masclistes\/\" class=\"more-link\">Continua llegint <span class=\"screen-reader-text\">\u00abDIA INTERNACIONAL PER L&#8217;ELIMINACI\u00d3 DE LES VIOL\u00c8NCIES MASCLISTES\u00bb<\/span><\/a><\/p>\n","protected":false},"author":489,"featured_media":0,"comment_status":"open","ping_status":"open","sticky":false,"template":"","format":"standard","meta":{"footnotes":""},"categories":[13],"tags":[],"class_list":["post-154","post","type-post","status-publish","format-standard","hentry","category-general"],"_links":{"self":[{"href":"https:\/\/blocs.xarxanet.org\/escolagavina\/wp-json\/wp\/v2\/posts\/154","targetHints":{"allow":["GET"]}}],"collection":[{"href":"https:\/\/blocs.xarxanet.org\/escolagavina\/wp-json\/wp\/v2\/posts"}],"about":[{"href":"https:\/\/blocs.xarxanet.org\/escolagavina\/wp-json\/wp\/v2\/types\/post"}],"author":[{"embeddable":true,"href":"https:\/\/blocs.xarxanet.org\/escolagavina\/wp-json\/wp\/v2\/users\/489"}],"replies":[{"embeddable":true,"href":"https:\/\/blocs.xarxanet.org\/escolagavina\/wp-json\/wp\/v2\/comments?post=154"}],"version-history":[{"count":4,"href":"https:\/\/blocs.xarxanet.org\/escolagavina\/wp-json\/wp\/v2\/posts\/154\/revisions"}],"predecessor-version":[{"id":165,"href":"https:\/\/blocs.xarxanet.org\/escolagavina\/wp-json\/wp\/v2\/posts\/154\/revisions\/165"}],"wp:attachment":[{"href":"https:\/\/blocs.xarxanet.org\/escolagavina\/wp-json\/wp\/v2\/media?parent=154"}],"wp:term":[{"taxonomy":"category","embeddable":true,"href":"https:\/\/blocs.xarxanet.org\/escolagavina\/wp-json\/wp\/v2\/categories?post=154"},{"taxonomy":"post_tag","embeddable":true,"href":"https:\/\/blocs.xarxanet.org\/escolagavina\/wp-json\/wp\/v2\/tags?post=154"}],"curies":[{"name":"wp","href":"https:\/\/api.w.org\/{rel}","templated":true}]}}