{"id":982,"date":"2013-01-28T12:45:23","date_gmt":"2013-01-28T11:45:23","guid":{"rendered":"http:\/\/blocs.xarxanet.org\/cjvandellos\/?p=982"},"modified":"2013-01-28T12:45:23","modified_gmt":"2013-01-28T11:45:23","slug":"joves-onair-del-2801-al-302","status":"publish","type":"post","link":"https:\/\/blocs.xarxanet.org\/cjvandellos\/joves-onair-del-2801-al-302\/","title":{"rendered":"Joves OnAir: del 28\/01 al 3\/02"},"content":{"rendered":"<p>[youtube jJN4RcNy44w]<\/p>\n<p>La Mireia ens informa de les <strong>activitats <\/strong>que es realitzaran aquesta setmana al <strong>Casal de Joves.<\/strong><\/p>\n<p><span style=\"text-decoration: underline\">Dissabte 2 de febrer<\/span> projectarem la <strong><a href=\"http:\/\/www.facebook.com\/events\/114221348754253\/\">Saga de Matrix<\/a><\/strong> al <strong>Casal de Joves de Vandell\u00f2s<\/strong>.<\/p>\n<p>Encara queden places per a l&#8217;<strong><a href=\"http:\/\/www.facebook.com\/events\/374114292684323\/\">Esquiada Jove<\/a><\/strong>, aix\u00ed que qui vulgui venir amb nosaltres nom\u00e9s cal que vingui a qualsevol dels Casals de Joves per a fer la inscripci\u00f3.<\/p>\n<p>Obertes les inscripcions per al <strong><a href=\"http:\/\/www.facebook.com\/events\/383291825097249\/\">Taller de Maquillatge especial Carnestoltes <\/a><\/strong>que es realitzar\u00e0 el proper <span style=\"text-decoration: underline\">9 de febrer<\/span> al <strong>Casal de Joves de l&#8217;Hospitalet<\/strong> a les 16h.<\/p>\n<p><strong>Nou Servei d&#8217;Informaci\u00f3 al Jove<\/strong>: El primer dilluns de cada mes a la segona hora del pati a l&#8217;INS Berenguer d&#8217;Enten\u00e7a.<\/p>\n<p>Si vols rebre el <strong>Butllet\u00ed Electr\u00f2nic del Casal de Joves<\/strong> envia&#8217;ns un mail a: joventut@vandellos-hospitalet.cat<\/p>\n","protected":false},"excerpt":{"rendered":"<p>[youtube jJN4RcNy44w] La Mireia ens informa de les activitats que es realitzaran aquesta setmana al Casal de Joves. Dissabte 2 de febrer projectarem la Saga de Matrix al Casal de Joves de Vandell\u00f2s. Encara queden places per a l&#8217;Esquiada Jove, aix\u00ed que qui vulgui venir amb nosaltres nom\u00e9s cal que vingui a qualsevol dels Casals [&hellip;]<\/p>\n","protected":false},"author":140,"featured_media":0,"comment_status":"open","ping_status":"open","sticky":false,"template":"","format":"standard","meta":{"footnotes":""},"categories":[1,1171],"tags":[],"class_list":["post-982","post","type-post","status-publish","format-standard","hentry","category-general","category-informacio"],"_links":{"self":[{"href":"https:\/\/blocs.xarxanet.org\/cjvandellos\/wp-json\/wp\/v2\/posts\/982","targetHints":{"allow":["GET"]}}],"collection":[{"href":"https:\/\/blocs.xarxanet.org\/cjvandellos\/wp-json\/wp\/v2\/posts"}],"about":[{"href":"https:\/\/blocs.xarxanet.org\/cjvandellos\/wp-json\/wp\/v2\/types\/post"}],"author":[{"embeddable":true,"href":"https:\/\/blocs.xarxanet.org\/cjvandellos\/wp-json\/wp\/v2\/users\/140"}],"replies":[{"embeddable":true,"href":"https:\/\/blocs.xarxanet.org\/cjvandellos\/wp-json\/wp\/v2\/comments?post=982"}],"version-history":[{"count":3,"href":"https:\/\/blocs.xarxanet.org\/cjvandellos\/wp-json\/wp\/v2\/posts\/982\/revisions"}],"predecessor-version":[{"id":986,"href":"https:\/\/blocs.xarxanet.org\/cjvandellos\/wp-json\/wp\/v2\/posts\/982\/revisions\/986"}],"wp:attachment":[{"href":"https:\/\/blocs.xarxanet.org\/cjvandellos\/wp-json\/wp\/v2\/media?parent=982"}],"wp:term":[{"taxonomy":"category","embeddable":true,"href":"https:\/\/blocs.xarxanet.org\/cjvandellos\/wp-json\/wp\/v2\/categories?post=982"},{"taxonomy":"post_tag","embeddable":true,"href":"https:\/\/blocs.xarxanet.org\/cjvandellos\/wp-json\/wp\/v2\/tags?post=982"}],"curies":[{"name":"wp","href":"https:\/\/api.w.org\/{rel}","templated":true}]}}