{"id":3609,"date":"2019-05-20T09:13:40","date_gmt":"2019-05-20T07:13:40","guid":{"rendered":"http:\/\/blocs.xarxanet.org\/cjvandellos\/?p=3609"},"modified":"2019-05-20T09:15:12","modified_gmt":"2019-05-20T07:15:12","slug":"17-maig-dia-mundial-contra-lhomofobia-i-transfobia","status":"publish","type":"post","link":"https:\/\/blocs.xarxanet.org\/cjvandellos\/17-maig-dia-mundial-contra-lhomofobia-i-transfobia\/","title":{"rendered":"17 maig Dia Mundial contra l&#8217;Homof\u00f2bia i transf\u00f2bia."},"content":{"rendered":"<p>El divendres passat es va celebrar el dia mundial contra l&#8217;homof\u00f2bia i la transf\u00f2bia, des de la regidoria de Joventut ens vam sumar per commemorar aquest dia amb diferents actes. El dimarts 15, a l&#8217;activitat setmanal del DIY vam realitzar lla\u00e7os LGBTI per regalar divendres, i a m\u00e9s a m\u00e9s durant tota la setmana vam fabricar xapes LGBTI per vendre a l&#8217;institut Berenguer d&#8217;Enten\u00e7a.<\/p>\n<p>Divendres, ens vam despla\u00e7ar a l&#8217;Institut a l&#8217;hora del primer pati per vendre les xapes i regalar un lla\u00e7 amb la compra d&#8217;una xapa.<\/p>\n<p><a href=\"http:\/\/blocs.xarxanet.org\/cjvandellos\/files\/2019\/05\/76CA0FE4-803C-431A-98FF-1CF487EA99F2.jpg\"><img loading=\"lazy\" decoding=\"async\" class=\"alignleft size-full wp-image-3610\" src=\"http:\/\/blocs.xarxanet.org\/cjvandellos\/files\/2019\/05\/76CA0FE4-803C-431A-98FF-1CF487EA99F2.jpg\" alt=\"\" width=\"2048\" height=\"2048\" srcset=\"https:\/\/blocs.xarxanet.org\/cjvandellos\/files\/2019\/05\/76CA0FE4-803C-431A-98FF-1CF487EA99F2.jpg 2048w, https:\/\/blocs.xarxanet.org\/cjvandellos\/files\/2019\/05\/76CA0FE4-803C-431A-98FF-1CF487EA99F2-150x150.jpg 150w, https:\/\/blocs.xarxanet.org\/cjvandellos\/files\/2019\/05\/76CA0FE4-803C-431A-98FF-1CF487EA99F2-300x300.jpg 300w, https:\/\/blocs.xarxanet.org\/cjvandellos\/files\/2019\/05\/76CA0FE4-803C-431A-98FF-1CF487EA99F2-768x768.jpg 768w, https:\/\/blocs.xarxanet.org\/cjvandellos\/files\/2019\/05\/76CA0FE4-803C-431A-98FF-1CF487EA99F2-1024x1024.jpg 1024w\" sizes=\"auto, (max-width: 2048px) 100vw, 2048px\" \/><\/a><\/p>\n","protected":false},"excerpt":{"rendered":"<p>El divendres passat es va celebrar el dia mundial contra l&#8217;homof\u00f2bia i la transf\u00f2bia, des de la regidoria de Joventut ens vam sumar per commemorar aquest dia amb diferents actes. El dimarts 15, a l&#8217;activitat setmanal del DIY vam realitzar lla\u00e7os LGBTI per regalar divendres, i a m\u00e9s a m\u00e9s durant tota la setmana vam [&hellip;]<\/p>\n","protected":false},"author":140,"featured_media":0,"comment_status":"open","ping_status":"closed","sticky":false,"template":"","format":"standard","meta":{"footnotes":""},"categories":[1],"tags":[],"class_list":["post-3609","post","type-post","status-publish","format-standard","hentry","category-general"],"_links":{"self":[{"href":"https:\/\/blocs.xarxanet.org\/cjvandellos\/wp-json\/wp\/v2\/posts\/3609","targetHints":{"allow":["GET"]}}],"collection":[{"href":"https:\/\/blocs.xarxanet.org\/cjvandellos\/wp-json\/wp\/v2\/posts"}],"about":[{"href":"https:\/\/blocs.xarxanet.org\/cjvandellos\/wp-json\/wp\/v2\/types\/post"}],"author":[{"embeddable":true,"href":"https:\/\/blocs.xarxanet.org\/cjvandellos\/wp-json\/wp\/v2\/users\/140"}],"replies":[{"embeddable":true,"href":"https:\/\/blocs.xarxanet.org\/cjvandellos\/wp-json\/wp\/v2\/comments?post=3609"}],"version-history":[{"count":1,"href":"https:\/\/blocs.xarxanet.org\/cjvandellos\/wp-json\/wp\/v2\/posts\/3609\/revisions"}],"predecessor-version":[{"id":3611,"href":"https:\/\/blocs.xarxanet.org\/cjvandellos\/wp-json\/wp\/v2\/posts\/3609\/revisions\/3611"}],"wp:attachment":[{"href":"https:\/\/blocs.xarxanet.org\/cjvandellos\/wp-json\/wp\/v2\/media?parent=3609"}],"wp:term":[{"taxonomy":"category","embeddable":true,"href":"https:\/\/blocs.xarxanet.org\/cjvandellos\/wp-json\/wp\/v2\/categories?post=3609"},{"taxonomy":"post_tag","embeddable":true,"href":"https:\/\/blocs.xarxanet.org\/cjvandellos\/wp-json\/wp\/v2\/tags?post=3609"}],"curies":[{"name":"wp","href":"https:\/\/api.w.org\/{rel}","templated":true}]}}