{"id":3602,"date":"2019-05-06T13:20:30","date_gmt":"2019-05-06T11:20:30","guid":{"rendered":"http:\/\/blocs.xarxanet.org\/cjvandellos\/?p=3602"},"modified":"2019-05-06T13:20:30","modified_gmt":"2019-05-06T11:20:30","slug":"valencia-ciutat-de-les-arts-i-les-ciencies","status":"publish","type":"post","link":"https:\/\/blocs.xarxanet.org\/cjvandellos\/valencia-ciutat-de-les-arts-i-les-ciencies\/","title":{"rendered":"Val\u00e8ncia: Ciutat de les Arts i les Ci\u00e8ncies"},"content":{"rendered":"<p>Aquest dissabte passat dia 4 de maig, vam realitzar la sortida del programa TOKL&#8217;2 a la ciutat de les Arts i les Ci\u00e8ncies, un grup de 30 joves i adults de Vandell\u00f2s i Hospitalet de l&#8217;Infant, i Mont-roig i Miami platja van gaudir de l&#8217;oceanogr\u00e0fic, una pel\u00b7l\u00edcula de l&#8217;espai i Mart a l&#8217;hemisf\u00e8ric, i la visita al museu de les ci\u00e8ncies de Val\u00e8ncia.<\/p>\n<p><a href=\"http:\/\/blocs.xarxanet.org\/cjvandellos\/files\/2019\/05\/20190504_104306.jpg\"><img loading=\"lazy\" decoding=\"async\" class=\"alignleft size-full wp-image-3603\" src=\"http:\/\/blocs.xarxanet.org\/cjvandellos\/files\/2019\/05\/20190504_104306.jpg\" alt=\"\" width=\"3264\" height=\"1836\" srcset=\"https:\/\/blocs.xarxanet.org\/cjvandellos\/files\/2019\/05\/20190504_104306.jpg 3264w, https:\/\/blocs.xarxanet.org\/cjvandellos\/files\/2019\/05\/20190504_104306-300x169.jpg 300w, https:\/\/blocs.xarxanet.org\/cjvandellos\/files\/2019\/05\/20190504_104306-768x432.jpg 768w, https:\/\/blocs.xarxanet.org\/cjvandellos\/files\/2019\/05\/20190504_104306-1024x576.jpg 1024w\" sizes=\"auto, (max-width: 3264px) 100vw, 3264px\" \/><\/a><\/p>\n<p>&nbsp;<\/p>\n","protected":false},"excerpt":{"rendered":"<p>Aquest dissabte passat dia 4 de maig, vam realitzar la sortida del programa TOKL&#8217;2 a la ciutat de les Arts i les Ci\u00e8ncies, un grup de 30 joves i adults de Vandell\u00f2s i Hospitalet de l&#8217;Infant, i Mont-roig i Miami platja van gaudir de l&#8217;oceanogr\u00e0fic, una pel\u00b7l\u00edcula de l&#8217;espai i Mart a l&#8217;hemisf\u00e8ric, i la [&hellip;]<\/p>\n","protected":false},"author":140,"featured_media":0,"comment_status":"open","ping_status":"closed","sticky":false,"template":"","format":"standard","meta":{"footnotes":""},"categories":[1],"tags":[],"class_list":["post-3602","post","type-post","status-publish","format-standard","hentry","category-general"],"_links":{"self":[{"href":"https:\/\/blocs.xarxanet.org\/cjvandellos\/wp-json\/wp\/v2\/posts\/3602","targetHints":{"allow":["GET"]}}],"collection":[{"href":"https:\/\/blocs.xarxanet.org\/cjvandellos\/wp-json\/wp\/v2\/posts"}],"about":[{"href":"https:\/\/blocs.xarxanet.org\/cjvandellos\/wp-json\/wp\/v2\/types\/post"}],"author":[{"embeddable":true,"href":"https:\/\/blocs.xarxanet.org\/cjvandellos\/wp-json\/wp\/v2\/users\/140"}],"replies":[{"embeddable":true,"href":"https:\/\/blocs.xarxanet.org\/cjvandellos\/wp-json\/wp\/v2\/comments?post=3602"}],"version-history":[{"count":1,"href":"https:\/\/blocs.xarxanet.org\/cjvandellos\/wp-json\/wp\/v2\/posts\/3602\/revisions"}],"predecessor-version":[{"id":3604,"href":"https:\/\/blocs.xarxanet.org\/cjvandellos\/wp-json\/wp\/v2\/posts\/3602\/revisions\/3604"}],"wp:attachment":[{"href":"https:\/\/blocs.xarxanet.org\/cjvandellos\/wp-json\/wp\/v2\/media?parent=3602"}],"wp:term":[{"taxonomy":"category","embeddable":true,"href":"https:\/\/blocs.xarxanet.org\/cjvandellos\/wp-json\/wp\/v2\/categories?post=3602"},{"taxonomy":"post_tag","embeddable":true,"href":"https:\/\/blocs.xarxanet.org\/cjvandellos\/wp-json\/wp\/v2\/tags?post=3602"}],"curies":[{"name":"wp","href":"https:\/\/api.w.org\/{rel}","templated":true}]}}