{"id":3598,"date":"2019-04-29T11:56:20","date_gmt":"2019-04-29T09:56:20","guid":{"rendered":"http:\/\/blocs.xarxanet.org\/cjvandellos\/?p=3598"},"modified":"2019-04-29T11:56:20","modified_gmt":"2019-04-29T09:56:20","slug":"posat-la-gorra-2","status":"publish","type":"post","link":"https:\/\/blocs.xarxanet.org\/cjvandellos\/posat-la-gorra-2\/","title":{"rendered":"Posa&#8217;t la gorra"},"content":{"rendered":"<p>Com cada any des de la Regidoria de Joventut, ens adherim a la campanya posa&#8217;t la gorra. Aquesta campanya que dur a terme l&#8217;AFANOC \u00e9s un s\u00edmbol dels efectes secundaris que pateixen els infants i adoslecents amb c\u00e0ncer, la p\u00e8rdua de cabell. Per aix\u00f2 s&#8217;utilitza la gorra com a s\u00edmbol de solidaritat vers tots aquest infants.<\/p>\n<p>Si vols participar i adquirir un gorra, pots demanar-la a l&#8217;Espai Jove d&#8217;Hospitalet i al Casal de Joves de Vandell\u00f2s, el preu de la gorra \u00e9s de 21\u20ac amb entrada a Port Aventura el dia 8 juny.\u00a0<a href=\"http:\/\/blocs.xarxanet.org\/cjvandellos\/files\/2019\/04\/Posat-la-gorra.png\"><img loading=\"lazy\" decoding=\"async\" class=\"alignleft size-full wp-image-3599\" src=\"http:\/\/blocs.xarxanet.org\/cjvandellos\/files\/2019\/04\/Posat-la-gorra.png\" alt=\"\" width=\"1528\" height=\"2130\" srcset=\"https:\/\/blocs.xarxanet.org\/cjvandellos\/files\/2019\/04\/Posat-la-gorra.png 1528w, https:\/\/blocs.xarxanet.org\/cjvandellos\/files\/2019\/04\/Posat-la-gorra-215x300.png 215w, https:\/\/blocs.xarxanet.org\/cjvandellos\/files\/2019\/04\/Posat-la-gorra-768x1071.png 768w, https:\/\/blocs.xarxanet.org\/cjvandellos\/files\/2019\/04\/Posat-la-gorra-735x1024.png 735w\" sizes=\"auto, (max-width: 1528px) 100vw, 1528px\" \/><\/a><\/p>\n","protected":false},"excerpt":{"rendered":"<p>Com cada any des de la Regidoria de Joventut, ens adherim a la campanya posa&#8217;t la gorra. Aquesta campanya que dur a terme l&#8217;AFANOC \u00e9s un s\u00edmbol dels efectes secundaris que pateixen els infants i adoslecents amb c\u00e0ncer, la p\u00e8rdua de cabell. Per aix\u00f2 s&#8217;utilitza la gorra com a s\u00edmbol de solidaritat vers tots aquest [&hellip;]<\/p>\n","protected":false},"author":140,"featured_media":0,"comment_status":"open","ping_status":"closed","sticky":false,"template":"","format":"standard","meta":{"footnotes":""},"categories":[1],"tags":[],"class_list":["post-3598","post","type-post","status-publish","format-standard","hentry","category-general"],"_links":{"self":[{"href":"https:\/\/blocs.xarxanet.org\/cjvandellos\/wp-json\/wp\/v2\/posts\/3598","targetHints":{"allow":["GET"]}}],"collection":[{"href":"https:\/\/blocs.xarxanet.org\/cjvandellos\/wp-json\/wp\/v2\/posts"}],"about":[{"href":"https:\/\/blocs.xarxanet.org\/cjvandellos\/wp-json\/wp\/v2\/types\/post"}],"author":[{"embeddable":true,"href":"https:\/\/blocs.xarxanet.org\/cjvandellos\/wp-json\/wp\/v2\/users\/140"}],"replies":[{"embeddable":true,"href":"https:\/\/blocs.xarxanet.org\/cjvandellos\/wp-json\/wp\/v2\/comments?post=3598"}],"version-history":[{"count":1,"href":"https:\/\/blocs.xarxanet.org\/cjvandellos\/wp-json\/wp\/v2\/posts\/3598\/revisions"}],"predecessor-version":[{"id":3600,"href":"https:\/\/blocs.xarxanet.org\/cjvandellos\/wp-json\/wp\/v2\/posts\/3598\/revisions\/3600"}],"wp:attachment":[{"href":"https:\/\/blocs.xarxanet.org\/cjvandellos\/wp-json\/wp\/v2\/media?parent=3598"}],"wp:term":[{"taxonomy":"category","embeddable":true,"href":"https:\/\/blocs.xarxanet.org\/cjvandellos\/wp-json\/wp\/v2\/categories?post=3598"},{"taxonomy":"post_tag","embeddable":true,"href":"https:\/\/blocs.xarxanet.org\/cjvandellos\/wp-json\/wp\/v2\/tags?post=3598"}],"curies":[{"name":"wp","href":"https:\/\/api.w.org\/{rel}","templated":true}]}}