{"id":3369,"date":"2018-04-11T13:19:48","date_gmt":"2018-04-11T11:19:48","guid":{"rendered":"http:\/\/blocs.xarxanet.org\/cjvandellos\/?p=3369"},"modified":"2018-04-11T13:40:26","modified_gmt":"2018-04-11T11:40:26","slug":"el-millor-espectacle-de-michael-jackson","status":"publish","type":"post","link":"https:\/\/blocs.xarxanet.org\/cjvandellos\/el-millor-espectacle-de-michael-jackson\/","title":{"rendered":"El millor espectacle de Michael Jackson"},"content":{"rendered":"<p><span class=\"hiddenSpellError alignleft\"><img loading=\"lazy\" decoding=\"async\" class=\"alignleft size-medium wp-image-3380\" src=\"http:\/\/blocs.xarxanet.org\/cjvandellos\/files\/2018\/04\/MICHAEL-JACKSON-1-212x300.png\" alt=\"\" width=\"212\" height=\"300\" srcset=\"https:\/\/blocs.xarxanet.org\/cjvandellos\/files\/2018\/04\/MICHAEL-JACKSON-1-212x300.png 212w, https:\/\/blocs.xarxanet.org\/cjvandellos\/files\/2018\/04\/MICHAEL-JACKSON-1-768x1086.png 768w, https:\/\/blocs.xarxanet.org\/cjvandellos\/files\/2018\/04\/MICHAEL-JACKSON-1-724x1024.png 724w, https:\/\/blocs.xarxanet.org\/cjvandellos\/files\/2018\/04\/MICHAEL-JACKSON-1.png 1588w\" sizes=\"auto, (max-width: 212px) 100vw, 212px\" \/><\/span>El<strong> dissabte\u00a05 de maig<\/strong> anirem a Barcelona a gaudir\u00a0amb\u00a0<span class=\"hiddenSpellError\"><strong>FOREVER<\/strong><\/span><strong>\u00a0(<span class=\"hiddenSpellError\">The<\/span>\u00a0<span class=\"hiddenSpellError\">best<\/span>\u00a0show\u00a0<span class=\"hiddenSpellError\">about<\/span>\u00a0<span class=\"hiddenSpellError\">the<\/span>\u00a0<span class=\"hiddenSpellError\">king<\/span>\u00a0<span class=\"hiddenSpellError\">of<\/span>\u00a0pop<span class=\"hiddenGrammarError\">)<\/span><\/strong><br \/>\nUn espectacle que avala la qualitat art\u00edstica, la posada en escena, l&#8217;emotivitat i la frescor d&#8217;un xou que va m\u00e9s enll\u00e0 de tocar can\u00e7ons de <strong>Michael Jackson<\/strong>.\u00a0<span class=\"hiddenSpellError\">Forever<\/span>, no \u00e9s nom\u00e9s un intens recorregut pels seus majors \u00e8xits, \u00e9s un espectacle amb l&#8217;emoci\u00f3 a flor de pell.<br \/>\n<em>&#8220;El millor espectacle del m\u00f3n sobre Michael Jackson&#8221;<\/em>, va dir Jackson\u00a0<span class=\"hiddenSpellError\">Family<\/span>.<\/p>\n<p><span class=\"hiddenSpellError alignleft\">Forever<\/span>\u00a0\u00e9s un espectacle que fa un intens recorregut pels majors <strong>\u00e8xits<\/strong> de Michael Jackson en solitari i amb Jackson 5:\u00a0<span class=\"hiddenSpellError\">Billie<\/span>\u00a0<span class=\"hiddenSpellError\">Jean<\/span>, Beat\u00a0<span class=\"hiddenSpellError\">It<\/span>, Thriller,\u00a0<span class=\"hiddenSpellError\">Bad<\/span>,\u00a0<span class=\"hiddenSpellError\">Abc<\/span>, I\u00a0<span class=\"hiddenSpellError\">Want<\/span>\u00a0<span class=\"hiddenSpellError\">You<\/span>\u00a0Back, etc.<br \/>\nSobre l&#8217;escenari, un impressionant elenc de cantants, m\u00fasics, ballarins &#8230; Un <strong>emotiu i vibrant<\/strong> viatge pel llegat musical de Michael Jackson, per la seva obra, el seu missatge &#8230; Intenta imaginar un espectacle musical amb <strong>grans efectes especials<\/strong>, un\u00a0<span class=\"hiddenGrammarError\">cor gospel<\/span>, artistes excepcionals amb una energia \u00fanica, que admiren i respecten l&#8217;obra art\u00edstica d&#8217;<span class=\"hiddenGrammarError\">un <strong>icona<\/strong><\/span><strong>\u00a0mundial<\/strong>.<br \/>\n<span class=\"hiddenSpellError\">Forever<\/span>\u00a0<span class=\"hiddenSpellError\">King<\/span>\u00a0<span class=\"hiddenSpellError\">of<\/span>\u00a0Pop\u00a0<span class=\"hiddenGrammarError\">est\u00e0 considerat<\/span>\u00a0en aquest moment com la <strong>millor producci\u00f3<\/strong> feta fins al moment al m\u00f3n, \u00e9s tamb\u00e9 l&#8217;\u00fanic espectacle avalat i recolzat per la Jackson\u00a0<span class=\"hiddenSpellError\">Family<\/span>\u00a0<span class=\"hiddenSpellError\">Foundation<\/span><span class=\"hiddenGrammarError\">\u00a0.<\/span><br \/>\nUn xou emotiu, vibrant, amb tota la m\u00e0gia, el ritme i la intensitat d&#8217;un <strong>gran homenatge al Rei del Pop<\/strong>. Una\u00a0nova producci\u00f3 acurada i creada sempre amb la idea que el p\u00fablic vibri, s&#8217;emocioni, ball, i en definitiva, gaudir intensament d&#8217;aquest gran espectacle per a tots els\u00a0<span class=\"hiddenGrammarError\">p\u00fablics<\/span><\/p>\n<blockquote>\n<h6>+ INFO:<br \/>\n<strong>Casal de Joves de Vandell\u00f2s i Espai Jove de l&#8217;Hospitalet<\/strong><br \/>\n977 56 90 26 joventut@vandellos-hospitalet.cat<br \/>\n<span class=\"hiddenGrammarError\">TERMINI D&#8217;INSCRIPCIONS:<\/span>\u00a0<strong><span class=\"hiddenGrammarError\">FINS EL 23 D&#8217;ABRIL<\/span><\/strong><\/h6>\n<p><span class=\"hiddenGrammarError\">PREU<span class=\"hiddenGrammarError\">: Entrada<\/span>+ bus\u00a0<span class=\"hiddenGrammarError\">25,80<\/span>\u00a0\u20ac<\/span><\/p><\/blockquote>\n","protected":false},"excerpt":{"rendered":"<p>El dissabte\u00a05 de maig anirem a Barcelona a gaudir\u00a0amb\u00a0FOREVER\u00a0(The\u00a0best\u00a0show\u00a0about\u00a0the\u00a0king\u00a0of\u00a0pop) Un espectacle que avala la qualitat art\u00edstica, la posada en escena, l&#8217;emotivitat i la frescor d&#8217;un xou que va m\u00e9s enll\u00e0 de tocar can\u00e7ons de Michael Jackson.\u00a0Forever, no \u00e9s nom\u00e9s un intens recorregut pels seus majors \u00e8xits, \u00e9s un espectacle amb l&#8217;emoci\u00f3 a flor de pell. [&hellip;]<\/p>\n","protected":false},"author":140,"featured_media":0,"comment_status":"open","ping_status":"closed","sticky":false,"template":"","format":"standard","meta":{"footnotes":""},"categories":[1171,633],"tags":[],"class_list":["post-3369","post","type-post","status-publish","format-standard","hentry","category-informacio","category-sortida"],"_links":{"self":[{"href":"https:\/\/blocs.xarxanet.org\/cjvandellos\/wp-json\/wp\/v2\/posts\/3369","targetHints":{"allow":["GET"]}}],"collection":[{"href":"https:\/\/blocs.xarxanet.org\/cjvandellos\/wp-json\/wp\/v2\/posts"}],"about":[{"href":"https:\/\/blocs.xarxanet.org\/cjvandellos\/wp-json\/wp\/v2\/types\/post"}],"author":[{"embeddable":true,"href":"https:\/\/blocs.xarxanet.org\/cjvandellos\/wp-json\/wp\/v2\/users\/140"}],"replies":[{"embeddable":true,"href":"https:\/\/blocs.xarxanet.org\/cjvandellos\/wp-json\/wp\/v2\/comments?post=3369"}],"version-history":[{"count":11,"href":"https:\/\/blocs.xarxanet.org\/cjvandellos\/wp-json\/wp\/v2\/posts\/3369\/revisions"}],"predecessor-version":[{"id":3383,"href":"https:\/\/blocs.xarxanet.org\/cjvandellos\/wp-json\/wp\/v2\/posts\/3369\/revisions\/3383"}],"wp:attachment":[{"href":"https:\/\/blocs.xarxanet.org\/cjvandellos\/wp-json\/wp\/v2\/media?parent=3369"}],"wp:term":[{"taxonomy":"category","embeddable":true,"href":"https:\/\/blocs.xarxanet.org\/cjvandellos\/wp-json\/wp\/v2\/categories?post=3369"},{"taxonomy":"post_tag","embeddable":true,"href":"https:\/\/blocs.xarxanet.org\/cjvandellos\/wp-json\/wp\/v2\/tags?post=3369"}],"curies":[{"name":"wp","href":"https:\/\/api.w.org\/{rel}","templated":true}]}}