{"id":2757,"date":"2016-06-25T20:09:23","date_gmt":"2016-06-25T18:09:23","guid":{"rendered":"http:\/\/blocs.xarxanet.org\/cjvandellos\/?p=2757"},"modified":"2016-06-25T20:18:06","modified_gmt":"2016-06-25T18:18:06","slug":"lestiu-ja-ha-arribat","status":"publish","type":"post","link":"https:\/\/blocs.xarxanet.org\/cjvandellos\/lestiu-ja-ha-arribat\/","title":{"rendered":"L&#8217;estiu ja ha arribat!"},"content":{"rendered":"<p><a href=\"http:\/\/blocs.xarxanet.org\/cjvandellos\/2016\/06\/25\/lestiu-ja-ha-arribat\/estiu-jove-16\/\" rel=\"attachment wp-att-2765\"><img loading=\"lazy\" decoding=\"async\" class=\"aligncenter size-full wp-image-2765\" src=\"http:\/\/blocs.xarxanet.org\/cjvandellos\/files\/2016\/06\/Estiu-Jove-16.jpg\" alt=\"Estiu Jove 16\" width=\"960\" height=\"960\" srcset=\"https:\/\/blocs.xarxanet.org\/cjvandellos\/files\/2016\/06\/Estiu-Jove-16.jpg 960w, https:\/\/blocs.xarxanet.org\/cjvandellos\/files\/2016\/06\/Estiu-Jove-16-150x150.jpg 150w, https:\/\/blocs.xarxanet.org\/cjvandellos\/files\/2016\/06\/Estiu-Jove-16-300x300.jpg 300w, https:\/\/blocs.xarxanet.org\/cjvandellos\/files\/2016\/06\/Estiu-Jove-16-768x768.jpg 768w, https:\/\/blocs.xarxanet.org\/cjvandellos\/files\/2016\/06\/Estiu-Jove-16-144x144.jpg 144w, https:\/\/blocs.xarxanet.org\/cjvandellos\/files\/2016\/06\/Estiu-Jove-16-900x900.jpg 900w\" sizes=\"auto, (max-width: 960px) 100vw, 960px\" \/><\/a><\/p>\n<p>Et presentem el nou programa d&#8217;estiu jove 2016!\u00a0Pots consultar la descripci\u00f3 de les activitats fent clic al seg\u00fcent enlla\u00e7:\u00a0<a href=\"https:\/\/issuu.com\/elsdelcasaldejoves\/docs\/programa-estiu_jove_ok\/1?e=5973447\/36650564\">#EstiuJove2016<\/a><\/p>\n<p>Aquest any hem preparat un gran ventall cursos interessant\u00edssims i s\u00faper divertits!\u00a0Consulta els preus dels cursos i inscriu-te ara mateix al seg\u00fcent enlla\u00e7: <a href=\"http:\/\/ow.ly\/lgVt301njgV\">INSCRIPCIONS<\/a><\/p>\n<p>Tamb\u00e9 et pots inscriure presencialment als Casals de joves de l&#8217;Hospitalet i de Vandell\u00f2s.<br \/>\n<em>No et quedis sense la teva pla\u00e7a!<\/em><\/p>\n","protected":false},"excerpt":{"rendered":"<p>Et presentem el nou programa d&#8217;estiu jove 2016!\u00a0Pots consultar la descripci\u00f3 de les activitats fent clic al seg\u00fcent enlla\u00e7:\u00a0#EstiuJove2016 Aquest any hem preparat un gran ventall cursos interessant\u00edssims i s\u00faper divertits!\u00a0Consulta els preus dels cursos i inscriu-te ara mateix al seg\u00fcent enlla\u00e7: INSCRIPCIONS Tamb\u00e9 et pots inscriure presencialment als Casals de joves de l&#8217;Hospitalet i [&hellip;]<\/p>\n","protected":false},"author":140,"featured_media":0,"comment_status":"open","ping_status":"closed","sticky":false,"template":"","format":"standard","meta":{"footnotes":""},"categories":[14],"tags":[73185,73186,49073,17148],"class_list":["post-2757","post","type-post","status-publish","format-standard","hentry","category-noticies","tag-estiujove2016","tag-agenda-estiu-jove","tag-estiu","tag-programa"],"_links":{"self":[{"href":"https:\/\/blocs.xarxanet.org\/cjvandellos\/wp-json\/wp\/v2\/posts\/2757","targetHints":{"allow":["GET"]}}],"collection":[{"href":"https:\/\/blocs.xarxanet.org\/cjvandellos\/wp-json\/wp\/v2\/posts"}],"about":[{"href":"https:\/\/blocs.xarxanet.org\/cjvandellos\/wp-json\/wp\/v2\/types\/post"}],"author":[{"embeddable":true,"href":"https:\/\/blocs.xarxanet.org\/cjvandellos\/wp-json\/wp\/v2\/users\/140"}],"replies":[{"embeddable":true,"href":"https:\/\/blocs.xarxanet.org\/cjvandellos\/wp-json\/wp\/v2\/comments?post=2757"}],"version-history":[{"count":8,"href":"https:\/\/blocs.xarxanet.org\/cjvandellos\/wp-json\/wp\/v2\/posts\/2757\/revisions"}],"predecessor-version":[{"id":2773,"href":"https:\/\/blocs.xarxanet.org\/cjvandellos\/wp-json\/wp\/v2\/posts\/2757\/revisions\/2773"}],"wp:attachment":[{"href":"https:\/\/blocs.xarxanet.org\/cjvandellos\/wp-json\/wp\/v2\/media?parent=2757"}],"wp:term":[{"taxonomy":"category","embeddable":true,"href":"https:\/\/blocs.xarxanet.org\/cjvandellos\/wp-json\/wp\/v2\/categories?post=2757"},{"taxonomy":"post_tag","embeddable":true,"href":"https:\/\/blocs.xarxanet.org\/cjvandellos\/wp-json\/wp\/v2\/tags?post=2757"}],"curies":[{"name":"wp","href":"https:\/\/api.w.org\/{rel}","templated":true}]}}