{"id":2750,"date":"2016-06-25T19:27:57","date_gmt":"2016-06-25T17:27:57","guid":{"rendered":"http:\/\/blocs.xarxanet.org\/cjvandellos\/?p=2750"},"modified":"2016-06-25T19:54:03","modified_gmt":"2016-06-25T17:54:03","slug":"2750","status":"publish","type":"post","link":"https:\/\/blocs.xarxanet.org\/cjvandellos\/2750\/","title":{"rendered":"Recollida solid\u00e0ria per a les persones refugiades"},"content":{"rendered":"<p><strong>Nosaltres tamb\u00e9 volem ajudar a combatre aquesta gran crisi humanit\u00e0ria.<\/strong><\/p>\n<p>Ens sumem a la recollida de productes per a les persones refugiades a Gr\u00e8cia que ha iniciat l&#8217;ONG Bombers en Acci\u00f3.<\/p>\n<p style=\"text-align: justify\">Fins el dia 29 pots apropar-te als Casals de joves de l&#8217;Hospitalet i el de Vandell\u00f2s i donar qualsevol dels productes b\u00e0sics de la llista que et presentem a continuaci\u00f3:<\/p>\n<p><strong><a href=\"http:\/\/blocs.xarxanet.org\/cjvandellos\/2016\/06\/25\/2750\/13442234_917566915055365_7410837375932236405_n-2\/\" rel=\"attachment wp-att-2752\"><img loading=\"lazy\" decoding=\"async\" class=\"aligncenter size-full wp-image-2752\" src=\"http:\/\/blocs.xarxanet.org\/cjvandellos\/files\/2016\/06\/13442234_917566915055365_7410837375932236405_n-1.jpg\" alt=\"refugiats\" width=\"279\" height=\"395\" srcset=\"https:\/\/blocs.xarxanet.org\/cjvandellos\/files\/2016\/06\/13442234_917566915055365_7410837375932236405_n-1.jpg 279w, https:\/\/blocs.xarxanet.org\/cjvandellos\/files\/2016\/06\/13442234_917566915055365_7410837375932236405_n-1-212x300.jpg 212w\" sizes=\"auto, (max-width: 279px) 100vw, 279px\" \/><\/a><\/strong><\/p>\n<p>Pots veure<a href=\"https:\/\/www.youtube.com\/watch?v=LQmxlm0o6pc&amp;sns=fb\" target=\"_blank\"> l&#8217;entrevista<\/a> amb la qual la Televisi\u00f3 de Vandell\u00f2s ha informat al habitants del muncipi de la nostra iniciativa, fent clic al seg\u00fcent enlla\u00e7: <a href=\"https:\/\/www.youtube.com\/watch?v=LQmxlm0o6pc&amp;sns=fb\" target=\"_blank\">Entrevista TVV<\/a><\/p>\n<p>&nbsp;<\/p>\n<p><em>Esperem la teva col\u00b7laboraci\u00f3!<\/em><\/p>\n","protected":false},"excerpt":{"rendered":"<p>Nosaltres tamb\u00e9 volem ajudar a combatre aquesta gran crisi humanit\u00e0ria. Ens sumem a la recollida de productes per a les persones refugiades a Gr\u00e8cia que ha iniciat l&#8217;ONG Bombers en Acci\u00f3. Fins el dia 29 pots apropar-te als Casals de joves de l&#8217;Hospitalet i el de Vandell\u00f2s i donar qualsevol dels productes b\u00e0sics de la [&hellip;]<\/p>\n","protected":false},"author":140,"featured_media":0,"comment_status":"open","ping_status":"closed","sticky":false,"template":"","format":"standard","meta":{"footnotes":""},"categories":[14],"tags":[1289,5117,20339,73182,73181],"class_list":["post-2750","post","type-post","status-publish","format-standard","hentry","category-noticies","tag-accio-solidaria","tag-casal-de-joves","tag-entrevista","tag-recollida-solidaria","tag-refugiats"],"_links":{"self":[{"href":"https:\/\/blocs.xarxanet.org\/cjvandellos\/wp-json\/wp\/v2\/posts\/2750","targetHints":{"allow":["GET"]}}],"collection":[{"href":"https:\/\/blocs.xarxanet.org\/cjvandellos\/wp-json\/wp\/v2\/posts"}],"about":[{"href":"https:\/\/blocs.xarxanet.org\/cjvandellos\/wp-json\/wp\/v2\/types\/post"}],"author":[{"embeddable":true,"href":"https:\/\/blocs.xarxanet.org\/cjvandellos\/wp-json\/wp\/v2\/users\/140"}],"replies":[{"embeddable":true,"href":"https:\/\/blocs.xarxanet.org\/cjvandellos\/wp-json\/wp\/v2\/comments?post=2750"}],"version-history":[{"count":11,"href":"https:\/\/blocs.xarxanet.org\/cjvandellos\/wp-json\/wp\/v2\/posts\/2750\/revisions"}],"predecessor-version":[{"id":2764,"href":"https:\/\/blocs.xarxanet.org\/cjvandellos\/wp-json\/wp\/v2\/posts\/2750\/revisions\/2764"}],"wp:attachment":[{"href":"https:\/\/blocs.xarxanet.org\/cjvandellos\/wp-json\/wp\/v2\/media?parent=2750"}],"wp:term":[{"taxonomy":"category","embeddable":true,"href":"https:\/\/blocs.xarxanet.org\/cjvandellos\/wp-json\/wp\/v2\/categories?post=2750"},{"taxonomy":"post_tag","embeddable":true,"href":"https:\/\/blocs.xarxanet.org\/cjvandellos\/wp-json\/wp\/v2\/tags?post=2750"}],"curies":[{"name":"wp","href":"https:\/\/api.w.org\/{rel}","templated":true}]}}