{"id":2713,"date":"2016-06-15T18:02:05","date_gmt":"2016-06-15T16:02:05","guid":{"rendered":"http:\/\/blocs.xarxanet.org\/cjvandellos\/?p=2713"},"modified":"2016-06-15T18:02:06","modified_gmt":"2016-06-15T16:02:06","slug":"estiu-jove","status":"publish","type":"post","link":"https:\/\/blocs.xarxanet.org\/cjvandellos\/estiu-jove\/","title":{"rendered":"Estiu Jove"},"content":{"rendered":"<p><a href=\"http:\/\/blocs.xarxanet.org\/cjvandellos\/2016\/06\/15\/estiu-jove\/13244226_896332093845514_5652156732078400757_o\/\" rel=\"attachment wp-att-2714\"><img loading=\"lazy\" decoding=\"async\" class=\"aligncenter size-full wp-image-2714\" src=\"http:\/\/blocs.xarxanet.org\/cjvandellos\/files\/2016\/06\/13244226_896332093845514_5652156732078400757_o.jpg\" alt=\"13244226_896332093845514_5652156732078400757_o\" width=\"1600\" height=\"898\" srcset=\"https:\/\/blocs.xarxanet.org\/cjvandellos\/files\/2016\/06\/13244226_896332093845514_5652156732078400757_o.jpg 1600w, https:\/\/blocs.xarxanet.org\/cjvandellos\/files\/2016\/06\/13244226_896332093845514_5652156732078400757_o-300x168.jpg 300w, https:\/\/blocs.xarxanet.org\/cjvandellos\/files\/2016\/06\/13244226_896332093845514_5652156732078400757_o-768x431.jpg 768w, https:\/\/blocs.xarxanet.org\/cjvandellos\/files\/2016\/06\/13244226_896332093845514_5652156732078400757_o-1024x575.jpg 1024w, https:\/\/blocs.xarxanet.org\/cjvandellos\/files\/2016\/06\/13244226_896332093845514_5652156732078400757_o-900x505.jpg 900w\" sizes=\"auto, (max-width: 1600px) 100vw, 1600px\" \/><\/a>L&#8217;estiu \u00e9s ben a prop i amb ell, els llargs i calorosos dies de vacances de l&#8217;institut, per\u00f2 nosaltres no descansem, a poc a poc anirem presentant totes les activitats que amaga la nova programaci\u00f3 d&#8217;<strong>estiu jove<\/strong>, explicant tots els detalls i resolent tots els dubtes que us puguin sorgir.<\/p>\n<p>&nbsp;<br \/>\nDurant els tallers i les activitats programades en aquest programa l&#8217;espai del casal de joves ser\u00e0 exclusiu pels usuaris i usu\u00e0ries de l&#8217;activitat programada, per\u00f2 quan no estiguem realitzant cap activitat, els joves trobaran un espai per compartir i poder estar amb la seva colla d&#8217;amics i coneguts, on poder fer alguna partida de la <span class=\"hiddenSpellError\">play<\/span>, de ping-pong o futbol\u00ed o on passar una bona estona parlant i jugant a algun joc de taula.<\/p>\n","protected":false},"excerpt":{"rendered":"<p>L&#8217;estiu \u00e9s ben a prop i amb ell, els llargs i calorosos dies de vacances de l&#8217;institut, per\u00f2 nosaltres no descansem, a poc a poc anirem presentant totes les activitats que amaga la nova programaci\u00f3 d&#8217;estiu jove, explicant tots els detalls i resolent tots els dubtes que us puguin sorgir. &nbsp; Durant els tallers i [&hellip;]<\/p>\n","protected":false},"author":140,"featured_media":0,"comment_status":"open","ping_status":"closed","sticky":false,"template":"","format":"standard","meta":{"footnotes":""},"categories":[14],"tags":[5117,26240,53377],"class_list":["post-2713","post","type-post","status-publish","format-standard","hentry","category-noticies","tag-casal-de-joves","tag-estiu-jove","tag-vandellos-i-lhospitalet-de-linfant"],"_links":{"self":[{"href":"https:\/\/blocs.xarxanet.org\/cjvandellos\/wp-json\/wp\/v2\/posts\/2713","targetHints":{"allow":["GET"]}}],"collection":[{"href":"https:\/\/blocs.xarxanet.org\/cjvandellos\/wp-json\/wp\/v2\/posts"}],"about":[{"href":"https:\/\/blocs.xarxanet.org\/cjvandellos\/wp-json\/wp\/v2\/types\/post"}],"author":[{"embeddable":true,"href":"https:\/\/blocs.xarxanet.org\/cjvandellos\/wp-json\/wp\/v2\/users\/140"}],"replies":[{"embeddable":true,"href":"https:\/\/blocs.xarxanet.org\/cjvandellos\/wp-json\/wp\/v2\/comments?post=2713"}],"version-history":[{"count":3,"href":"https:\/\/blocs.xarxanet.org\/cjvandellos\/wp-json\/wp\/v2\/posts\/2713\/revisions"}],"predecessor-version":[{"id":2717,"href":"https:\/\/blocs.xarxanet.org\/cjvandellos\/wp-json\/wp\/v2\/posts\/2713\/revisions\/2717"}],"wp:attachment":[{"href":"https:\/\/blocs.xarxanet.org\/cjvandellos\/wp-json\/wp\/v2\/media?parent=2713"}],"wp:term":[{"taxonomy":"category","embeddable":true,"href":"https:\/\/blocs.xarxanet.org\/cjvandellos\/wp-json\/wp\/v2\/categories?post=2713"},{"taxonomy":"post_tag","embeddable":true,"href":"https:\/\/blocs.xarxanet.org\/cjvandellos\/wp-json\/wp\/v2\/tags?post=2713"}],"curies":[{"name":"wp","href":"https:\/\/api.w.org\/{rel}","templated":true}]}}