{"id":2675,"date":"2016-05-25T11:22:24","date_gmt":"2016-05-25T09:22:24","guid":{"rendered":"http:\/\/blocs.xarxanet.org\/cjvandellos\/?p=2675"},"modified":"2016-05-25T11:22:25","modified_gmt":"2016-05-25T09:22:25","slug":"posat-la-gorra","status":"publish","type":"post","link":"https:\/\/blocs.xarxanet.org\/cjvandellos\/posat-la-gorra\/","title":{"rendered":"Posa&#8217;t la gorra"},"content":{"rendered":"<p>Ja tenim les gorres\u00a0per la festa <strong>POSA&#8217;T LA GORRA<\/strong> que es far\u00e0 el proper<span style=\"text-decoration: underline\"> 5 de juny a Port Aventura.<\/span><br \/>\nS\u00f3n nom\u00e9s <em>19\u20ac solidaris<\/em> per AFANOC (Associaci\u00f3 de Familiars i Amics de Nens Oncol\u00f2gics de Catalunya) per la gorra i l&#8217;entrada al parc!<br \/>\nNo et quedis sense la teva!!<\/p>\n<p><a href=\"http:\/\/blocs.xarxanet.org\/cjvandellos\/2016\/05\/25\/posat-la-gorra\/13092133_894924393986284_4666380491951348378_n\/\" rel=\"attachment wp-att-2676\"><img loading=\"lazy\" decoding=\"async\" class=\"aligncenter size-full wp-image-2676\" src=\"http:\/\/blocs.xarxanet.org\/cjvandellos\/files\/2016\/05\/13092133_894924393986284_4666380491951348378_n.jpg\" alt=\"13092133_894924393986284_4666380491951348378_n\" width=\"454\" height=\"625\" srcset=\"https:\/\/blocs.xarxanet.org\/cjvandellos\/files\/2016\/05\/13092133_894924393986284_4666380491951348378_n.jpg 454w, https:\/\/blocs.xarxanet.org\/cjvandellos\/files\/2016\/05\/13092133_894924393986284_4666380491951348378_n-218x300.jpg 218w\" sizes=\"auto, (max-width: 454px) 100vw, 454px\" \/><\/a><\/p>\n","protected":false},"excerpt":{"rendered":"<p>Ja tenim les gorres\u00a0per la festa POSA&#8217;T LA GORRA que es far\u00e0 el proper 5 de juny a Port Aventura. S\u00f3n nom\u00e9s 19\u20ac solidaris per AFANOC (Associaci\u00f3 de Familiars i Amics de Nens Oncol\u00f2gics de Catalunya) per la gorra i l&#8217;entrada al parc! No et quedis sense la teva!!<\/p>\n","protected":false},"author":140,"featured_media":0,"comment_status":"open","ping_status":"closed","sticky":false,"template":"","format":"standard","meta":{"footnotes":""},"categories":[1],"tags":[5117,26233,73171,797,53377],"class_list":["post-2675","post","type-post","status-publish","format-standard","hentry","category-general","tag-casal-de-joves","tag-port-aventura","tag-posat-la-gorra","tag-solidaritat","tag-vandellos-i-lhospitalet-de-linfant"],"_links":{"self":[{"href":"https:\/\/blocs.xarxanet.org\/cjvandellos\/wp-json\/wp\/v2\/posts\/2675","targetHints":{"allow":["GET"]}}],"collection":[{"href":"https:\/\/blocs.xarxanet.org\/cjvandellos\/wp-json\/wp\/v2\/posts"}],"about":[{"href":"https:\/\/blocs.xarxanet.org\/cjvandellos\/wp-json\/wp\/v2\/types\/post"}],"author":[{"embeddable":true,"href":"https:\/\/blocs.xarxanet.org\/cjvandellos\/wp-json\/wp\/v2\/users\/140"}],"replies":[{"embeddable":true,"href":"https:\/\/blocs.xarxanet.org\/cjvandellos\/wp-json\/wp\/v2\/comments?post=2675"}],"version-history":[{"count":2,"href":"https:\/\/blocs.xarxanet.org\/cjvandellos\/wp-json\/wp\/v2\/posts\/2675\/revisions"}],"predecessor-version":[{"id":2678,"href":"https:\/\/blocs.xarxanet.org\/cjvandellos\/wp-json\/wp\/v2\/posts\/2675\/revisions\/2678"}],"wp:attachment":[{"href":"https:\/\/blocs.xarxanet.org\/cjvandellos\/wp-json\/wp\/v2\/media?parent=2675"}],"wp:term":[{"taxonomy":"category","embeddable":true,"href":"https:\/\/blocs.xarxanet.org\/cjvandellos\/wp-json\/wp\/v2\/categories?post=2675"},{"taxonomy":"post_tag","embeddable":true,"href":"https:\/\/blocs.xarxanet.org\/cjvandellos\/wp-json\/wp\/v2\/tags?post=2675"}],"curies":[{"name":"wp","href":"https:\/\/api.w.org\/{rel}","templated":true}]}}