{"id":2617,"date":"2016-05-03T10:37:01","date_gmt":"2016-05-03T08:37:01","guid":{"rendered":"http:\/\/blocs.xarxanet.org\/cjvandellos\/?p=2617"},"modified":"2016-05-03T10:37:02","modified_gmt":"2016-05-03T08:37:02","slug":"teatre-cuenta-conmigo","status":"publish","type":"post","link":"https:\/\/blocs.xarxanet.org\/cjvandellos\/teatre-cuenta-conmigo\/","title":{"rendered":"Teatre: Cuenta Conmigo"},"content":{"rendered":"<p><a href=\"http:\/\/blocs.xarxanet.org\/cjvandellos\/2016\/05\/03\/teatre-cuenta-conmigo\/attachment\/2\/\" rel=\"attachment wp-att-2618\"><img loading=\"lazy\" decoding=\"async\" class=\"aligncenter size-full wp-image-2618\" src=\"http:\/\/blocs.xarxanet.org\/cjvandellos\/files\/2016\/05\/2.png\" alt=\"2\" width=\"1122\" height=\"1587\" srcset=\"https:\/\/blocs.xarxanet.org\/cjvandellos\/files\/2016\/05\/2.png 1122w, https:\/\/blocs.xarxanet.org\/cjvandellos\/files\/2016\/05\/2-212x300.png 212w, https:\/\/blocs.xarxanet.org\/cjvandellos\/files\/2016\/05\/2-768x1086.png 768w, https:\/\/blocs.xarxanet.org\/cjvandellos\/files\/2016\/05\/2-724x1024.png 724w, https:\/\/blocs.xarxanet.org\/cjvandellos\/files\/2016\/05\/2-900x1273.png 900w\" sizes=\"auto, (max-width: 1122px) 100vw, 1122px\" \/><\/a><\/p>\n<p>Amb el nou any 2016 vam estrenar un nou taller, un projecte proposat pels joves usuaris del casal, un <strong>curs de teatre jove<\/strong>.<\/p>\n<p>No ho vam dubtar en cap moment i vam demanar la col\u00b7laboraci\u00f3 de l&#8217;Imma Toledo, coneguda al municipi per la seva tasca volunt\u00e0ria en aquest camp. Aix\u00ed doncs, a finals de gener van comen\u00e7ar els dissabtes d&#8217;assaig i preparaci\u00f3 d&#8217;una obra de teatre. Aquest <span style=\"text-decoration: underline\">dissabte a les 20h podrem gaudir tots a l&#8217;auditori del Centre Cultural Infant Pere<\/span> d&#8217;una petita mostra dels fruits d&#8217;aquest curs.<\/p>\n<p>Estem tots ben nerviosos per aquest gran dia on sortir\u00e0 a la llum la nostra obra, ja que no s&#8217;ha agafat cap obra de teatre coneguda o ja escrita, sin\u00f3 que s&#8217;ha fet un paper a mida per a cada personatge, un retrat de les preocupacions, problemes i viv\u00e8ncies dels nostres joves.<\/p>\n<p>Cal remarcar que aquesta activitat \u00e9s de caire solidari, ja que el cost de l&#8217;<em>entrada de 2\u20ac<\/em> anir\u00e0 a la<em> fundaci\u00f3 El sue\u00f1o de la campana<\/em> pel projecte Divierteme y aprendo.<\/p>\n<p>Us esperem dissabte!<\/p>\n","protected":false},"excerpt":{"rendered":"<p>Amb el nou any 2016 vam estrenar un nou taller, un projecte proposat pels joves usuaris del casal, un curs de teatre jove. No ho vam dubtar en cap moment i vam demanar la col\u00b7laboraci\u00f3 de l&#8217;Imma Toledo, coneguda al municipi per la seva tasca volunt\u00e0ria en aquest camp. Aix\u00ed doncs, a finals de gener [&hellip;]<\/p>\n","protected":false},"author":140,"featured_media":0,"comment_status":"open","ping_status":"closed","sticky":false,"template":"","format":"standard","meta":{"footnotes":""},"categories":[1],"tags":[5117,53408,53411,53409,26222,53410,483],"class_list":["post-2617","post","type-post","status-publish","format-standard","hentry","category-general","tag-casal-de-joves","tag-centre-cultural-infant-pere","tag-cuenta-conmigo","tag-fundacion-el-sueno-de-la-campana","tag-hospitalet-de-linfant","tag-solidari","tag-teatre"],"_links":{"self":[{"href":"https:\/\/blocs.xarxanet.org\/cjvandellos\/wp-json\/wp\/v2\/posts\/2617","targetHints":{"allow":["GET"]}}],"collection":[{"href":"https:\/\/blocs.xarxanet.org\/cjvandellos\/wp-json\/wp\/v2\/posts"}],"about":[{"href":"https:\/\/blocs.xarxanet.org\/cjvandellos\/wp-json\/wp\/v2\/types\/post"}],"author":[{"embeddable":true,"href":"https:\/\/blocs.xarxanet.org\/cjvandellos\/wp-json\/wp\/v2\/users\/140"}],"replies":[{"embeddable":true,"href":"https:\/\/blocs.xarxanet.org\/cjvandellos\/wp-json\/wp\/v2\/comments?post=2617"}],"version-history":[{"count":3,"href":"https:\/\/blocs.xarxanet.org\/cjvandellos\/wp-json\/wp\/v2\/posts\/2617\/revisions"}],"predecessor-version":[{"id":2621,"href":"https:\/\/blocs.xarxanet.org\/cjvandellos\/wp-json\/wp\/v2\/posts\/2617\/revisions\/2621"}],"wp:attachment":[{"href":"https:\/\/blocs.xarxanet.org\/cjvandellos\/wp-json\/wp\/v2\/media?parent=2617"}],"wp:term":[{"taxonomy":"category","embeddable":true,"href":"https:\/\/blocs.xarxanet.org\/cjvandellos\/wp-json\/wp\/v2\/categories?post=2617"},{"taxonomy":"post_tag","embeddable":true,"href":"https:\/\/blocs.xarxanet.org\/cjvandellos\/wp-json\/wp\/v2\/tags?post=2617"}],"curies":[{"name":"wp","href":"https:\/\/api.w.org\/{rel}","templated":true}]}}