{"id":2104,"date":"2015-09-21T12:08:26","date_gmt":"2015-09-21T10:08:26","guid":{"rendered":"http:\/\/blocs.xarxanet.org\/cjvandellos\/?p=2104"},"modified":"2015-09-14T12:17:06","modified_gmt":"2015-09-14T10:17:06","slug":"marato-jove-2015-vandellos","status":"publish","type":"post","link":"https:\/\/blocs.xarxanet.org\/cjvandellos\/marato-jove-2015-vandellos\/","title":{"rendered":"Marat\u00f3 Jove 2015 | Vandell\u00f2s"},"content":{"rendered":"<p><a href=\"http:\/\/blocs.xarxanet.org\/cjvandellos\/files\/2015\/09\/Marat\u00f3-Jove-Vande1.png\"><img loading=\"lazy\" decoding=\"async\" class=\"size-medium wp-image-2105 alignleft\" alt=\"Marat\u00f3 Jove Vande\" src=\"http:\/\/blocs.xarxanet.org\/cjvandellos\/files\/2015\/09\/Marat\u00f3-Jove-Vande1-300x251.png\" width=\"300\" height=\"251\" srcset=\"https:\/\/blocs.xarxanet.org\/cjvandellos\/files\/2015\/09\/Marat\u00f3-Jove-Vande1-300x251.png 300w, https:\/\/blocs.xarxanet.org\/cjvandellos\/files\/2015\/09\/Marat\u00f3-Jove-Vande1.png 940w\" sizes=\"auto, (max-width: 300px) 100vw, 300px\" \/><\/a>Com cada any, durant la <strong>Festa Major de Sant Cosme i Sant Dami\u00e0 de Vandell\u00f2s<\/strong> es far\u00e0 la <strong>Marat\u00f3 Jove <\/strong>al <em>Casal de Joves de Vandell\u00f2s.<\/em><\/p>\n<p>Durant els dies <strong>25, 26 i 27 de setembre<\/strong> es faran diverses <strong>proves<\/strong> per parelles (escollides aleat\u00f2riament) que els hi faran acumular <strong>punts<\/strong> durant els 3 dies.<\/p>\n<p>Les parelles que aconsegueixin m\u00e9s puntuaci\u00f3 rebran diversos <strong>premis<\/strong>:<\/p>\n<blockquote><p>1rs: 2 Drons<\/p>\n<p>2ns: 2 C\u00e0meres Esportives<\/p>\n<p>3rs: 2 Sortides al Skating + Museu Blau<\/p><\/blockquote>\n<p>Per participar els i les joves s&#8217;han d&#8217;inscriure a <a href=\"http:\/\/blocs.xarxanet.org\/cjvandellos\/inscripcions\/\">AQU\u00cd<\/a>.<\/p>\n","protected":false},"excerpt":{"rendered":"<p>Com cada any, durant la Festa Major de Sant Cosme i Sant Dami\u00e0 de Vandell\u00f2s es far\u00e0 la Marat\u00f3 Jove al Casal de Joves de Vandell\u00f2s. Durant els dies 25, 26 i 27 de setembre es faran diverses proves per parelles (escollides aleat\u00f2riament) que els hi faran acumular punts durant els 3 dies. Les parelles [&hellip;]<\/p>\n","protected":false},"author":140,"featured_media":0,"comment_status":"open","ping_status":"closed","sticky":false,"template":"","format":"standard","meta":{"footnotes":""},"categories":[1],"tags":[],"class_list":["post-2104","post","type-post","status-publish","format-standard","hentry","category-general"],"_links":{"self":[{"href":"https:\/\/blocs.xarxanet.org\/cjvandellos\/wp-json\/wp\/v2\/posts\/2104","targetHints":{"allow":["GET"]}}],"collection":[{"href":"https:\/\/blocs.xarxanet.org\/cjvandellos\/wp-json\/wp\/v2\/posts"}],"about":[{"href":"https:\/\/blocs.xarxanet.org\/cjvandellos\/wp-json\/wp\/v2\/types\/post"}],"author":[{"embeddable":true,"href":"https:\/\/blocs.xarxanet.org\/cjvandellos\/wp-json\/wp\/v2\/users\/140"}],"replies":[{"embeddable":true,"href":"https:\/\/blocs.xarxanet.org\/cjvandellos\/wp-json\/wp\/v2\/comments?post=2104"}],"version-history":[{"count":1,"href":"https:\/\/blocs.xarxanet.org\/cjvandellos\/wp-json\/wp\/v2\/posts\/2104\/revisions"}],"predecessor-version":[{"id":2106,"href":"https:\/\/blocs.xarxanet.org\/cjvandellos\/wp-json\/wp\/v2\/posts\/2104\/revisions\/2106"}],"wp:attachment":[{"href":"https:\/\/blocs.xarxanet.org\/cjvandellos\/wp-json\/wp\/v2\/media?parent=2104"}],"wp:term":[{"taxonomy":"category","embeddable":true,"href":"https:\/\/blocs.xarxanet.org\/cjvandellos\/wp-json\/wp\/v2\/categories?post=2104"},{"taxonomy":"post_tag","embeddable":true,"href":"https:\/\/blocs.xarxanet.org\/cjvandellos\/wp-json\/wp\/v2\/tags?post=2104"}],"curies":[{"name":"wp","href":"https:\/\/api.w.org\/{rel}","templated":true}]}}