{"id":1859,"date":"2014-03-28T18:29:52","date_gmt":"2014-03-28T17:29:52","guid":{"rendered":"http:\/\/blocs.xarxanet.org\/cjvandellos\/?p=1859"},"modified":"2014-03-28T18:34:40","modified_gmt":"2014-03-28T17:34:40","slug":"pasquajove-2014","status":"publish","type":"post","link":"https:\/\/blocs.xarxanet.org\/cjvandellos\/pasquajove-2014\/","title":{"rendered":"#PasquaJove 2014"},"content":{"rendered":"<p><a title=\"#PasquaJove 2014\" href=\"https:\/\/www.facebook.com\/events\/256377017869212\/?fref=ts\" target=\"_blank\"><img loading=\"lazy\" decoding=\"async\" class=\"alignleft  wp-image-1861\" alt=\"Cartell Pasqua Jove\" src=\"http:\/\/blocs.xarxanet.org\/cjvandellos\/files\/2014\/03\/Cartell-Pasqua-Jove.png\" width=\"275\" height=\"389\" srcset=\"https:\/\/blocs.xarxanet.org\/cjvandellos\/files\/2014\/03\/Cartell-Pasqua-Jove.png 458w, https:\/\/blocs.xarxanet.org\/cjvandellos\/files\/2014\/03\/Cartell-Pasqua-Jove-212x300.png 212w, https:\/\/blocs.xarxanet.org\/cjvandellos\/files\/2014\/03\/Cartell-Pasqua-Jove-353x500.png 353w\" sizes=\"auto, (max-width: 275px) 100vw, 275px\" \/><\/a>De l<strong>&#8217;11 al 20 d&#8217;abril<\/strong> hem organitzat un munt d&#8217;<strong>activitats <\/strong>per a que durant les vacances de Setmana Santa t&#8217;ho passis <strong>genial<\/strong>!<\/p>\n<p>Ambd\u00f3s <a href=\"https:\/\/www.facebook.com\/CasalJoves\" target=\"_blank\">Casals de Jove<\/a>s romandran <strong>oberts<\/strong> en un horari ampliat per tal de que pugueu <strong>gaudir<\/strong> el m\u00e0xim de temps!<\/p>\n<p>A l&#8217;<em>Hospitalet<\/em> obrirem tots els dies de <strong>16h a 22h<\/strong> igual que a <em>Vandell\u00f2s <\/em>on, a m\u00e9s, mantindrem l&#8217;horari de divendres i dissabte fins les <strong>00h<\/strong><\/p>\n<p>El dilluns 21 (<strong>Dia de la Mona<\/strong>) tancarem tots dos Casals de Joves<\/p>\n<p>Aqu\u00ed us deixem la<strong> programaci\u00f3 di\u00e0ria<\/strong> de cadascun dels Casals de Joves. Us podeu inscriure en aquest <a href=\"http:\/\/blocs.xarxanet.org\/cjvandellos\/inscripcions\/inscripcio-festl-teu-primavera-2014\/inscripcio-pasquajove\/\" target=\"_blank\">ENLLA\u00c7<\/a><\/p>\n<table border=\"1\" cellspacing=\"1\" cellpadding=\"1\">\n<tbody>\n<tr>\n<td>\n<h2 style=\"text-align: center\"><strong><a href=\"https:\/\/www.facebook.com\/CasalJovesHospitalet?fref=ts\">Casal de Joves de l&#8217;Hospitalet<\/a><\/strong><\/h2>\n<\/td>\n<td>\n<h2 style=\"text-align: center\"><a href=\"https:\/\/www.facebook.com\/CasaldeJovesdeVandellos\">Casal de Joves de Vandell\u00f2s<\/a><\/h2>\n<\/td>\n<\/tr>\n<tr>\n<td><strong>Divendres 11:<\/strong><br \/>\nProjecci\u00f3 de la pel\u00b7l\u00edcula COBARDES | 19:30h<br \/>\n<strong>Dissabte 12:<\/strong><br \/>\nCampionat de FUTBOL\u00cd | 18h<br \/>\n<strong>Diumenge 13:<\/strong><br \/>\nCampionat de JUST DANCE | 18h<br \/>\n<strong>Dilluns 14:<\/strong><br \/>\nTaller de MASSATGES | 19h<br \/>\n<strong>Dimarts 15:<\/strong><br \/>\nTaller de MONES DE PASQUA | 18h<br \/>\n<strong>Dimecres 16:<\/strong><br \/>\nTaller de SAB\u00d3 ARTESANAL | 18h<br \/>\n<strong>Dijous 17:<\/strong><br \/>\nTaller de GRANADURES (BOLETES) | 18h<br \/>\n<strong>Divendres 18:<\/strong><br \/>\nProjecci\u00f3 de la pel\u00b7l\u00edcula MI VIDA EN ROSA (V.O.) | 19:30h<br \/>\n<strong>Dissabte 19:<\/strong><br \/>\nCampionat P\u00d2QUER | 18h<br \/>\n<strong>Diumenge 20:\u00a0<\/strong><br \/>\nCampionat SING STAR | 18h<\/p>\n<div><\/div>\n<\/td>\n<td><strong>Divendres 11:<\/strong><br \/>\nProjecci\u00f3 de la pel\u00b7l\u00edcula COBARDES | 21:30h<br \/>\n<strong>Dissabte 12:<\/strong><br \/>\nCampionat de JUST DANCE| 18h<br \/>\n<strong>Diumenge 13:<\/strong><br \/>\nCampionat de FUTBOL\u00cd | 18h<br \/>\n<strong>Dilluns 14:<\/strong><br \/>\nTaller de MONES DE PASQUA | 18h<br \/>\n<strong>Dimarts 15:<\/strong><br \/>\nTaller de MASSATGES | 19h<br \/>\n<strong>Dimecres 16:<\/strong><br \/>\nTaller de GRANADURES (BOLETES) | 18h<br \/>\n<strong>Dijous 17:<\/strong><br \/>\nTaller de SAB\u00d3 ARTESANAL | 18h<br \/>\n<strong>Divendres 18:<\/strong><br \/>\nCampionat de COREOGRAFIES | 18h<br \/>\nProjecci\u00f3 de la pel\u00b7l\u00edcula MI VIDA EN ROSA (V.O.) | 21:30h<br \/>\n<strong>Dissabte 19:<\/strong><br \/>\nCampionat SING STAR | 18h<br \/>\n<strong>Diumenge 20:\u00a0<\/strong><br \/>\nCampionat P\u00d2QUER | 18h<\/td>\n<\/tr>\n<\/tbody>\n<\/table>\n<p>&nbsp;<\/p>\n<p>&nbsp;<\/p>\n","protected":false},"excerpt":{"rendered":"<p>De l&#8217;11 al 20 d&#8217;abril hem organitzat un munt d&#8217;activitats per a que durant les vacances de Setmana Santa t&#8217;ho passis genial! Ambd\u00f3s Casals de Joves romandran oberts en un horari ampliat per tal de que pugueu gaudir el m\u00e0xim de temps! A l&#8217;Hospitalet obrirem tots els dies de 16h a 22h igual que a [&hellip;]<\/p>\n","protected":false},"author":140,"featured_media":0,"comment_status":"open","ping_status":"closed","sticky":false,"template":"","format":"standard","meta":{"footnotes":""},"categories":[64,1],"tags":[21,26222,1150,53316,53317,1409],"class_list":["post-1859","post","type-post","status-publish","format-standard","hentry","category-activitat","category-general","tag-activitats","tag-hospitalet-de-linfant","tag-jove","tag-pasqua","tag-setmana-santa","tag-vandellos"],"_links":{"self":[{"href":"https:\/\/blocs.xarxanet.org\/cjvandellos\/wp-json\/wp\/v2\/posts\/1859","targetHints":{"allow":["GET"]}}],"collection":[{"href":"https:\/\/blocs.xarxanet.org\/cjvandellos\/wp-json\/wp\/v2\/posts"}],"about":[{"href":"https:\/\/blocs.xarxanet.org\/cjvandellos\/wp-json\/wp\/v2\/types\/post"}],"author":[{"embeddable":true,"href":"https:\/\/blocs.xarxanet.org\/cjvandellos\/wp-json\/wp\/v2\/users\/140"}],"replies":[{"embeddable":true,"href":"https:\/\/blocs.xarxanet.org\/cjvandellos\/wp-json\/wp\/v2\/comments?post=1859"}],"version-history":[{"count":5,"href":"https:\/\/blocs.xarxanet.org\/cjvandellos\/wp-json\/wp\/v2\/posts\/1859\/revisions"}],"predecessor-version":[{"id":1866,"href":"https:\/\/blocs.xarxanet.org\/cjvandellos\/wp-json\/wp\/v2\/posts\/1859\/revisions\/1866"}],"wp:attachment":[{"href":"https:\/\/blocs.xarxanet.org\/cjvandellos\/wp-json\/wp\/v2\/media?parent=1859"}],"wp:term":[{"taxonomy":"category","embeddable":true,"href":"https:\/\/blocs.xarxanet.org\/cjvandellos\/wp-json\/wp\/v2\/categories?post=1859"},{"taxonomy":"post_tag","embeddable":true,"href":"https:\/\/blocs.xarxanet.org\/cjvandellos\/wp-json\/wp\/v2\/tags?post=1859"}],"curies":[{"name":"wp","href":"https:\/\/api.w.org\/{rel}","templated":true}]}}