{"id":1694,"date":"2013-09-20T20:24:19","date_gmt":"2013-09-20T18:24:19","guid":{"rendered":"http:\/\/blocs.xarxanet.org\/cjvandellos\/?p=1694"},"modified":"2013-09-20T20:30:26","modified_gmt":"2013-09-20T18:30:26","slug":"tokl-2-tibidabo","status":"publish","type":"post","link":"https:\/\/blocs.xarxanet.org\/cjvandellos\/tokl-2-tibidabo\/","title":{"rendered":"Tok&#8217;l 2: TIBIDABO"},"content":{"rendered":"<p><a href=\"http:\/\/blocs.xarxanet.org\/cjvandellos\/files\/2013\/09\/tibidabo.jpg\"><img loading=\"lazy\" decoding=\"async\" class=\"alignleft size-medium wp-image-1695\" src=\"http:\/\/blocs.xarxanet.org\/cjvandellos\/files\/2013\/09\/tibidabo-212x300.jpg\" alt=\"\" width=\"212\" height=\"300\" srcset=\"https:\/\/blocs.xarxanet.org\/cjvandellos\/files\/2013\/09\/tibidabo-212x300.jpg 212w, https:\/\/blocs.xarxanet.org\/cjvandellos\/files\/2013\/09\/tibidabo-726x1024.jpg 726w, https:\/\/blocs.xarxanet.org\/cjvandellos\/files\/2013\/09\/tibidabo-354x500.jpg 354w, https:\/\/blocs.xarxanet.org\/cjvandellos\/files\/2013\/09\/tibidabo.jpg 1156w\" sizes=\"auto, (max-width: 212px) 100vw, 212px\" \/><\/a>El <span style=\"text-decoration: underline\">dissabte 19 d&#8217;octubre<\/span> el programa Tok&#8217;l 2 et porta al parc d&#8217;atracci\u00f3n TIBIDABO per <strong>nom\u00e9s 13\u20ac<\/strong>.<\/p>\n<p>Si tens entre<strong> 12 i 18 anys<\/strong> i vols gaudir d&#8217;un dia de diversi\u00f3, passa&#8217;t pel <strong>Casal de Joves<\/strong> i agafa el full d&#8217;inscripci\u00f3!<\/p>\n<p>El preu inclou l&#8217;entrada, el transport i l&#8217;asseguran\u00e7a.<\/p>\n<p>Tanquem les inscripcions l&#8217;<span style=\"text-decoration: underline\">11 d&#8217;octubre<\/span>, per\u00f2 les places s\u00f3n limitades, aix\u00ed que afanya&#8217;t!<\/p>\n","protected":false},"excerpt":{"rendered":"<p>El dissabte 19 d&#8217;octubre el programa Tok&#8217;l 2 et porta al parc d&#8217;atracci\u00f3n TIBIDABO per nom\u00e9s 13\u20ac. Si tens entre 12 i 18 anys i vols gaudir d&#8217;un dia de diversi\u00f3, passa&#8217;t pel Casal de Joves i agafa el full d&#8217;inscripci\u00f3! El preu inclou l&#8217;entrada, el transport i l&#8217;asseguran\u00e7a. Tanquem les inscripcions l&#8217;11 d&#8217;octubre, per\u00f2 [&hellip;]<\/p>\n","protected":false},"author":140,"featured_media":0,"comment_status":"open","ping_status":"closed","sticky":false,"template":"","format":"standard","meta":{"footnotes":""},"categories":[64,1171],"tags":[21,26239,240,5117,26222,26208,279,5111,26232,26235,5109,1409],"class_list":["post-1694","post","type-post","status-publish","format-standard","hentry","category-activitat","category-informacio","tag-activitats","tag-activitats-juvenils","tag-barcelona","tag-casal-de-joves","tag-hospitalet-de-linfant","tag-joventut","tag-joves","tag-miami-platja","tag-mont-roig","tag-tibidabo","tag-tokl-2","tag-vandellos"],"_links":{"self":[{"href":"https:\/\/blocs.xarxanet.org\/cjvandellos\/wp-json\/wp\/v2\/posts\/1694","targetHints":{"allow":["GET"]}}],"collection":[{"href":"https:\/\/blocs.xarxanet.org\/cjvandellos\/wp-json\/wp\/v2\/posts"}],"about":[{"href":"https:\/\/blocs.xarxanet.org\/cjvandellos\/wp-json\/wp\/v2\/types\/post"}],"author":[{"embeddable":true,"href":"https:\/\/blocs.xarxanet.org\/cjvandellos\/wp-json\/wp\/v2\/users\/140"}],"replies":[{"embeddable":true,"href":"https:\/\/blocs.xarxanet.org\/cjvandellos\/wp-json\/wp\/v2\/comments?post=1694"}],"version-history":[{"count":6,"href":"https:\/\/blocs.xarxanet.org\/cjvandellos\/wp-json\/wp\/v2\/posts\/1694\/revisions"}],"predecessor-version":[{"id":1700,"href":"https:\/\/blocs.xarxanet.org\/cjvandellos\/wp-json\/wp\/v2\/posts\/1694\/revisions\/1700"}],"wp:attachment":[{"href":"https:\/\/blocs.xarxanet.org\/cjvandellos\/wp-json\/wp\/v2\/media?parent=1694"}],"wp:term":[{"taxonomy":"category","embeddable":true,"href":"https:\/\/blocs.xarxanet.org\/cjvandellos\/wp-json\/wp\/v2\/categories?post=1694"},{"taxonomy":"post_tag","embeddable":true,"href":"https:\/\/blocs.xarxanet.org\/cjvandellos\/wp-json\/wp\/v2\/tags?post=1694"}],"curies":[{"name":"wp","href":"https:\/\/api.w.org\/{rel}","templated":true}]}}