{"id":1682,"date":"2013-09-10T12:50:49","date_gmt":"2013-09-10T10:50:49","guid":{"rendered":"http:\/\/blocs.xarxanet.org\/cjvandellos\/?p=1682"},"modified":"2013-09-10T12:50:49","modified_gmt":"2013-09-10T10:50:49","slug":"marato-jove-2013","status":"publish","type":"post","link":"https:\/\/blocs.xarxanet.org\/cjvandellos\/marato-jove-2013\/","title":{"rendered":"Marat\u00f3 Jove 2013"},"content":{"rendered":"<p><a href=\"https:\/\/www.facebook.com\/events\/158390054354970\/\"><img loading=\"lazy\" decoding=\"async\" class=\"alignleft size-medium wp-image-1683\" src=\"http:\/\/blocs.xarxanet.org\/cjvandellos\/files\/2013\/09\/Marat\u00f3-jove-231x300.png\" alt=\"\" width=\"231\" height=\"300\" srcset=\"https:\/\/blocs.xarxanet.org\/cjvandellos\/files\/2013\/09\/Marat\u00f3-jove-231x300.png 231w, https:\/\/blocs.xarxanet.org\/cjvandellos\/files\/2013\/09\/Marat\u00f3-jove-385x500.png 385w, https:\/\/blocs.xarxanet.org\/cjvandellos\/files\/2013\/09\/Marat\u00f3-jove.png 517w\" sizes=\"auto, (max-width: 231px) 100vw, 231px\" \/><\/a>Des del programa <strong>Fest@&#8217;l teu estiu 2013 <\/strong>del Departament de joventut de l&#8217;Ajuntament de Vandell\u00f2s i l&#8217;Hospitalet de l&#8217;Infant hem organitzat la <a href=\"https:\/\/www.facebook.com\/events\/158390054354970\/\">Marat\u00f3 Jove<\/a>\u00a0que es dur\u00e0 a terme dins les <strong>Festes Majors de St. Cosme i St. Dami\u00e0<\/strong> de Vandell\u00f2s.<\/p>\n<p>En aquesta Marat\u00f3 poden participar tots els <strong>joves de 12 a 18 anys<\/strong>. Es participar\u00e0 per <strong>parelles <\/strong>que es formaran a trav\u00e9s d&#8217;un <strong>sorteig <\/strong>que es far\u00e0 el primer dia, el divendres 27 de setembre.<\/p>\n<p>A trav\u00e9s de diverses proves, s&#8217;aniran acumulant punts i els guanyadors rebran els seg\u00fcents premis:<\/p>\n<p>1rs Classificats: <strong>2 Tablets<\/strong>\u00a0WOLDER Electronics de 7\u201d i 8Gb de mem\u00f2ria<\/p>\n<p>2ns Classificats:<strong> 2 C\u00e0meres Digitals<\/strong> NIKON Coolpix L27 de 16 megapixels<\/p>\n<p>3rs Classificats: <strong>2 sortides del programa Tok\u2019l 2<\/strong> (a escollir entre TIBIDABO o SKATING)<\/p>\n<p>Per particpar, s&#8217;ha de fer l&#8217;inscripci\u00f3 al Casal de Joves o al<a href=\"http:\/\/blocs.xarxanet.org\/cjvandellos\/inscripcions\/inscripcio-festl-teu-esti-2013\/\"> formulari online<\/a>.<\/p>\n<p>Consulta les <a href=\"http:\/\/blocs.xarxanet.org\/cjvandellos\/files\/2013\/09\/Bases-Marat\u00f3-jove-2013.pdf\">BASES DE LA MARAT\u00d3 JOVE 2013<\/a><\/p>\n","protected":false},"excerpt":{"rendered":"<p>Des del programa Fest@&#8217;l teu estiu 2013 del Departament de joventut de l&#8217;Ajuntament de Vandell\u00f2s i l&#8217;Hospitalet de l&#8217;Infant hem organitzat la Marat\u00f3 Jove\u00a0que es dur\u00e0 a terme dins les Festes Majors de St. Cosme i St. Dami\u00e0 de Vandell\u00f2s. En aquesta Marat\u00f3 poden participar tots els joves de 12 a 18 anys. Es participar\u00e0 [&hellip;]<\/p>\n","protected":false},"author":140,"featured_media":0,"comment_status":"open","ping_status":"closed","sticky":false,"template":"","format":"standard","meta":{"footnotes":""},"categories":[1],"tags":[],"class_list":["post-1682","post","type-post","status-publish","format-standard","hentry","category-general"],"_links":{"self":[{"href":"https:\/\/blocs.xarxanet.org\/cjvandellos\/wp-json\/wp\/v2\/posts\/1682","targetHints":{"allow":["GET"]}}],"collection":[{"href":"https:\/\/blocs.xarxanet.org\/cjvandellos\/wp-json\/wp\/v2\/posts"}],"about":[{"href":"https:\/\/blocs.xarxanet.org\/cjvandellos\/wp-json\/wp\/v2\/types\/post"}],"author":[{"embeddable":true,"href":"https:\/\/blocs.xarxanet.org\/cjvandellos\/wp-json\/wp\/v2\/users\/140"}],"replies":[{"embeddable":true,"href":"https:\/\/blocs.xarxanet.org\/cjvandellos\/wp-json\/wp\/v2\/comments?post=1682"}],"version-history":[{"count":1,"href":"https:\/\/blocs.xarxanet.org\/cjvandellos\/wp-json\/wp\/v2\/posts\/1682\/revisions"}],"predecessor-version":[{"id":1685,"href":"https:\/\/blocs.xarxanet.org\/cjvandellos\/wp-json\/wp\/v2\/posts\/1682\/revisions\/1685"}],"wp:attachment":[{"href":"https:\/\/blocs.xarxanet.org\/cjvandellos\/wp-json\/wp\/v2\/media?parent=1682"}],"wp:term":[{"taxonomy":"category","embeddable":true,"href":"https:\/\/blocs.xarxanet.org\/cjvandellos\/wp-json\/wp\/v2\/categories?post=1682"},{"taxonomy":"post_tag","embeddable":true,"href":"https:\/\/blocs.xarxanet.org\/cjvandellos\/wp-json\/wp\/v2\/tags?post=1682"}],"curies":[{"name":"wp","href":"https:\/\/api.w.org\/{rel}","templated":true}]}}