{"id":1306,"date":"2013-04-18T10:53:03","date_gmt":"2013-04-18T08:53:03","guid":{"rendered":"http:\/\/blocs.xarxanet.org\/cjvandellos\/?p=1306"},"modified":"2013-04-18T10:53:03","modified_gmt":"2013-04-18T08:53:03","slug":"preinfant-web-per-a-joves-embarassades","status":"publish","type":"post","link":"https:\/\/blocs.xarxanet.org\/cjvandellos\/preinfant-web-per-a-joves-embarassades\/","title":{"rendered":"Preinfant: web per a joves embarassades"},"content":{"rendered":"<p><a href=\"http:\/\/www.preinfant.org\/\"><img loading=\"lazy\" decoding=\"async\" class=\"alignleft size-full wp-image-1307\" src=\"http:\/\/blocs.xarxanet.org\/cjvandellos\/files\/2013\/04\/Poster4.png\" alt=\"\" width=\"234\" height=\"60\" \/><\/a><\/p>\n<p><a title=\"Preinfant\" href=\"http:\/\/www.preinfant.org\/\">PREINFANT <\/a>\u00e9s un web <strong>d\u2019informaci\u00f3 i atenci\u00f3 <em>o<\/em><em>nline<\/em> i telef\u00f2nica <\/strong>dirigida a adolescents i joves entre <strong>13 i 21 anys<\/strong>, les seves fam\u00edlies i professionals.<\/p>\n<p>Des de <a href=\"http:\/\/www.preinfant.org\/\">Preinfant<\/a>, i a trav\u00e9s de la seva experi\u00e8ncia com a programa d\u2019<strong>acompanyament a la maternitat<\/strong> des de fa m\u00e9s de 15 anys, han constatat una necessitat: la d\u2019oferir un <strong>espai de consulta i informaci\u00f3 de f\u00e0cil i r\u00e0pid<\/strong> acc\u00e9s per a les joves on s\u2019ofereixi informaci\u00f3 de <strong>qualitat <\/strong>en contraposici\u00f3 a la informaci\u00f3 que pot apar\u00e8ixer en espais no professionals, com f\u00f2rums a Internet, o espais televisius que tenen per objectiu aconseguir audi\u00e8ncia i no pas informar o orientar. Al ser virtual, el recurs ofereix tamb\u00e9 <strong>anonimat<\/strong>, abast a tot el territori catal\u00e0 i pres\u00e8ncia a la xarxa, un mitj\u00e0 \u00e0mpliament utilitzat per les i els joves.<\/p>\n<p>El web vol informar sobre<strong> l\u2019embar\u00e0s i la maternitat,<\/strong> acompanyar i donar resposta als seus <strong>dubtes <\/strong>i les seves <strong>inquietuds<\/strong>, remarcant la import\u00e0ncia de buscar <strong>suport <\/strong>formal i informal al m\u00e9s aviat possible i facilitant l\u2019acc\u00e9s als recursos de la xarxa disponibles.<\/p>\n<p>L\u2019espai tamb\u00e9 vol ser una eina de consulta i <strong>intercanvi d\u2019experi\u00e8ncies <\/strong>per a professionals de tots els \u00e0mbits sobre l\u2019embar\u00e0s i maternitat en<strong> adolescents i joves.<\/strong><\/p>\n","protected":false},"excerpt":{"rendered":"<p>PREINFANT \u00e9s un web d\u2019informaci\u00f3 i atenci\u00f3 online i telef\u00f2nica dirigida a adolescents i joves entre 13 i 21 anys, les seves fam\u00edlies i professionals. Des de Preinfant, i a trav\u00e9s de la seva experi\u00e8ncia com a programa d\u2019acompanyament a la maternitat des de fa m\u00e9s de 15 anys, han constatat una necessitat: la d\u2019oferir [&hellip;]<\/p>\n","protected":false},"author":140,"featured_media":0,"comment_status":"open","ping_status":"closed","sticky":false,"template":"","format":"standard","meta":{"footnotes":""},"categories":[1171],"tags":[26215,26216,279,26217],"class_list":["post-1306","post","type-post","status-publish","format-standard","hentry","category-informacio","tag-adolescents","tag-embaras","tag-joves","tag-maternitat"],"_links":{"self":[{"href":"https:\/\/blocs.xarxanet.org\/cjvandellos\/wp-json\/wp\/v2\/posts\/1306","targetHints":{"allow":["GET"]}}],"collection":[{"href":"https:\/\/blocs.xarxanet.org\/cjvandellos\/wp-json\/wp\/v2\/posts"}],"about":[{"href":"https:\/\/blocs.xarxanet.org\/cjvandellos\/wp-json\/wp\/v2\/types\/post"}],"author":[{"embeddable":true,"href":"https:\/\/blocs.xarxanet.org\/cjvandellos\/wp-json\/wp\/v2\/users\/140"}],"replies":[{"embeddable":true,"href":"https:\/\/blocs.xarxanet.org\/cjvandellos\/wp-json\/wp\/v2\/comments?post=1306"}],"version-history":[{"count":2,"href":"https:\/\/blocs.xarxanet.org\/cjvandellos\/wp-json\/wp\/v2\/posts\/1306\/revisions"}],"predecessor-version":[{"id":1309,"href":"https:\/\/blocs.xarxanet.org\/cjvandellos\/wp-json\/wp\/v2\/posts\/1306\/revisions\/1309"}],"wp:attachment":[{"href":"https:\/\/blocs.xarxanet.org\/cjvandellos\/wp-json\/wp\/v2\/media?parent=1306"}],"wp:term":[{"taxonomy":"category","embeddable":true,"href":"https:\/\/blocs.xarxanet.org\/cjvandellos\/wp-json\/wp\/v2\/categories?post=1306"},{"taxonomy":"post_tag","embeddable":true,"href":"https:\/\/blocs.xarxanet.org\/cjvandellos\/wp-json\/wp\/v2\/tags?post=1306"}],"curies":[{"name":"wp","href":"https:\/\/api.w.org\/{rel}","templated":true}]}}