{"id":1268,"date":"2013-04-09T18:48:12","date_gmt":"2013-04-09T16:48:12","guid":{"rendered":"http:\/\/blocs.xarxanet.org\/cjvandellos\/?p=1268"},"modified":"2013-04-09T18:48:12","modified_gmt":"2013-04-09T16:48:12","slug":"career-by-formacio-dual-a-baviera","status":"publish","type":"post","link":"https:\/\/blocs.xarxanet.org\/cjvandellos\/career-by-formacio-dual-a-baviera\/","title":{"rendered":"Career By &#8211; Formaci\u00f3 dual a Baviera"},"content":{"rendered":"<p><a href=\"http:\/\/www.goethe.de\/ins\/es\/bar\/ver\/ca10829449v.htm\"><img loading=\"lazy\" decoding=\"async\" class=\"alignleft size-full wp-image-1269\" src=\"http:\/\/blocs.xarxanet.org\/cjvandellos\/files\/2013\/04\/career-by.jpg\" alt=\"Formaci\u00f3 dual a Baviera\" width=\"240\" height=\"139\" srcset=\"https:\/\/blocs.xarxanet.org\/cjvandellos\/files\/2013\/04\/career-by.jpg 400w, https:\/\/blocs.xarxanet.org\/cjvandellos\/files\/2013\/04\/career-by-300x174.jpg 300w\" sizes=\"auto, (max-width: 240px) 100vw, 240px\" \/><\/a>Una nova proposta de formaci\u00f3 dual a Alemanya que ens ha arribat a trav\u00e9s de l\u2019Institut Goethe i el govern regional de Baviera.<\/p>\n<p>El nom d\u2019aquesta iniciativa \u00e9s: <strong>Career BY<\/strong> i el seu objectiu principal \u00e9s oferir a joves catalans la possibilitat de formar-se a Alemanya amb un contracte laboral, mitjan\u00e7ant el seu <strong>sistema dual<\/strong>.<\/p>\n<p><strong>Aquest projecte est\u00e0 finan\u00e7at i impulsat per associacions empresarials dels seg\u00fcents \u00e0mbits: metall, ind\u00fastria el\u00e8ctrica, fusteria, \u00a0hoteleria i restauraci\u00f3, serveis socials, etc<\/strong>. Podeu consultar el <a href=\"http:\/\/www.goethe.de\/mmo\/priv\/10834213-STANDARD.pdf\">llistat complert de perfils professionals<\/a>. Les autoritats regionals, el Districte de Cham i el comtat de Wunsiedel tamb\u00e9 hi participen.<\/p>\n<p><strong>El programa pret\u00e9n seleccionar m\u00e9s de 130 graduats en ESO o en cicles formatius, d\u2019 entre 18 i 35 anys amb coneixements d\u2019alemany, per a un total de 38 perfils professionals diferents <\/strong>(veure document adjunt). <strong>Els joves seleccionats romandran a Alemanya durant un per\u00edode de 2 a 3 anys i mig<\/strong>. Un cop acabats els seus estudis a Alemanya podrien rebre una oferta laboral.<\/p>\n<p>El proc\u00e9s ser\u00e0 el seg\u00fcent:<\/p>\n<p>1. Formalitzaci\u00f3 de la candidatura per part de l\u2019interessat (abans 12 d\u2019 abril 2013)<\/p>\n<p>2. Selecci\u00f3 dels candidats per part dels promotors del projecte (finals d\u2019abril 2013)<\/p>\n<p>3. Curs d\u2019alemany a Barcelona (del 22.04.2013 al 31.05.2013)<\/p>\n<p>4. Per\u00edode de pr\u00e0ctiques a Baviera \u00a0i curs d\u2019alemany (del 03.06.2013 al 26.07.2013)<\/p>\n<p>5. Inici de la formaci\u00f3 professional dual a Alemanya i curs d\u2019alemany (01.09.2013)<\/p>\n<p>Els promotors d\u2019aquest programa realitzaran una sessi\u00f3 informativa <strong>el dia 12 d\u2019abril<\/strong> a <strong>l\u2019Escola del Treball de Barcelona, a les 10.00h del mat\u00ed i posteriorment es faran les entrevistes a partir de les 15.00h a l\u2019 Institut Goethe<\/strong>. Els interessats cal que envi\u00efn un correu a: <a title=\"blocked::mailto:sammet.sabine@bbw.de\" href=\"mailto:sammet.sabine@bbw.de\" target=\"_blank\">sammet.sabine@bbw.de<\/a> \u00a0amb la seg\u00fcent informaci\u00f3:<br \/>\n&#8211;\u00a0<span style=\"text-decoration: underline\">\u00a0Assumpte<\/span>: \u00a0Entrevistes 12 d\u2019abril 2013<\/p>\n<p>\u00b7\u00a0\u00a0\u00a0\u00a0\u00a0\u00a0\u00a0\u00a0\u00a0\u00a0\u00a0\u00a0\u00a0\u00a0 Nom i cognoms<\/p>\n<p>\u00b7\u00a0\u00a0\u00a0\u00a0\u00a0\u00a0\u00a0\u00a0\u00a0\u00a0\u00a0\u00a0\u00a0\u00a0 Adre\u00e7a postal<\/p>\n<p>\u00b7\u00a0\u00a0\u00a0\u00a0\u00a0\u00a0\u00a0\u00a0\u00a0\u00a0\u00a0\u00a0\u00a0\u00a0 Correu electr\u00f2nic<\/p>\n<p>\u00b7\u00a0\u00a0\u00a0\u00a0\u00a0\u00a0\u00a0\u00a0\u00a0\u00a0\u00a0\u00a0\u00a0\u00a0 Professi\u00f3 desitjada<\/p>\n<p>\u00b7\u00a0\u00a0\u00a0\u00a0\u00a0\u00a0\u00a0\u00a0\u00a0\u00a0\u00a0\u00a0\u00a0\u00a0 Nacionalitat<\/p>\n<p>\u00b7\u00a0\u00a0\u00a0\u00a0\u00a0\u00a0\u00a0\u00a0\u00a0\u00a0\u00a0\u00a0\u00a0\u00a0 Data de naixement<\/p>\n<p>\u00b7\u00a0\u00a0\u00a0\u00a0\u00a0\u00a0\u00a0\u00a0\u00a0\u00a0\u00a0\u00a0\u00a0<a href=\"http:\/\/www.goethe.de\/mmo\/priv\/10834217-STANDARD.doc\">\u00a0 CV (segons model)<\/a><\/p>\n","protected":false},"excerpt":{"rendered":"<p>Una nova proposta de formaci\u00f3 dual a Alemanya que ens ha arribat a trav\u00e9s de l\u2019Institut Goethe i el govern regional de Baviera. El nom d\u2019aquesta iniciativa \u00e9s: Career BY i el seu objectiu principal \u00e9s oferir a joves catalans la possibilitat de formar-se a Alemanya amb un contracte laboral, mitjan\u00e7ant el seu sistema dual. [&hellip;]<\/p>\n","protected":false},"author":140,"featured_media":0,"comment_status":"open","ping_status":"closed","sticky":false,"template":"","format":"standard","meta":{"footnotes":""},"categories":[1171,14],"tags":[26212,26213,26214,262,26211],"class_list":["post-1268","post","type-post","status-publish","format-standard","hentry","category-informacio","category-noticies","tag-alemanya","tag-contracte","tag-cv","tag-formacio","tag-formacio-dual"],"_links":{"self":[{"href":"https:\/\/blocs.xarxanet.org\/cjvandellos\/wp-json\/wp\/v2\/posts\/1268","targetHints":{"allow":["GET"]}}],"collection":[{"href":"https:\/\/blocs.xarxanet.org\/cjvandellos\/wp-json\/wp\/v2\/posts"}],"about":[{"href":"https:\/\/blocs.xarxanet.org\/cjvandellos\/wp-json\/wp\/v2\/types\/post"}],"author":[{"embeddable":true,"href":"https:\/\/blocs.xarxanet.org\/cjvandellos\/wp-json\/wp\/v2\/users\/140"}],"replies":[{"embeddable":true,"href":"https:\/\/blocs.xarxanet.org\/cjvandellos\/wp-json\/wp\/v2\/comments?post=1268"}],"version-history":[{"count":4,"href":"https:\/\/blocs.xarxanet.org\/cjvandellos\/wp-json\/wp\/v2\/posts\/1268\/revisions"}],"predecessor-version":[{"id":1273,"href":"https:\/\/blocs.xarxanet.org\/cjvandellos\/wp-json\/wp\/v2\/posts\/1268\/revisions\/1273"}],"wp:attachment":[{"href":"https:\/\/blocs.xarxanet.org\/cjvandellos\/wp-json\/wp\/v2\/media?parent=1268"}],"wp:term":[{"taxonomy":"category","embeddable":true,"href":"https:\/\/blocs.xarxanet.org\/cjvandellos\/wp-json\/wp\/v2\/categories?post=1268"},{"taxonomy":"post_tag","embeddable":true,"href":"https:\/\/blocs.xarxanet.org\/cjvandellos\/wp-json\/wp\/v2\/tags?post=1268"}],"curies":[{"name":"wp","href":"https:\/\/api.w.org\/{rel}","templated":true}]}}