{"id":1136,"date":"2013-02-21T18:43:21","date_gmt":"2013-02-21T17:43:21","guid":{"rendered":"http:\/\/blocs.xarxanet.org\/cjvandellos\/?p=1136"},"modified":"2013-02-21T18:45:37","modified_gmt":"2013-02-21T17:45:37","slug":"activitats-festl-teu","status":"publish","type":"post","link":"https:\/\/blocs.xarxanet.org\/cjvandellos\/activitats-festl-teu\/","title":{"rendered":"Fest@&#8217;l teu: Campionat Fifa 13"},"content":{"rendered":"<p><a href=\"http:\/\/www.facebook.com\/events\/548411848526794\/\"><img loading=\"lazy\" decoding=\"async\" class=\"alignleft size-full wp-image-1116\" src=\"http:\/\/blocs.xarxanet.org\/cjvandellos\/files\/2011\/11\/Campionat-Fifa-13.jpg\" alt=\"\" width=\"143\" height=\"205\" srcset=\"https:\/\/blocs.xarxanet.org\/cjvandellos\/files\/2011\/11\/Campionat-Fifa-13.jpg 398w, https:\/\/blocs.xarxanet.org\/cjvandellos\/files\/2011\/11\/Campionat-Fifa-13-210x300.jpg 210w\" sizes=\"auto, (max-width: 143px) 100vw, 143px\" \/><\/a>Estem apunt d&#8217;acabar el mes de febrer i per al mar\u00e7 tenim preparat un seguit <a href=\"http:\/\/blocs.xarxanet.org\/cjvandellos\/activitats\/\">d&#8217;activitats <\/a>del programa Fest@&#8217;l teu a les quals ja us podeu <a href=\"http:\/\/blocs.xarxanet.org\/cjvandellos\/activitats\/\">inscriure<\/a>.<\/p>\n<p>Per comen\u00e7ar, farem un petit <strong><a href=\"http:\/\/www.facebook.com\/events\/548411848526794\/\">campionat de Fifa 13 <\/a><\/strong>al Casal de Joves de Vandell\u00f2s el <strong>dissabte 3 de mar\u00e7 <\/strong>a partir de les 18h.<\/p>\n<p>El <strong>guanyador <\/strong>tindr\u00e0 un premi en funci\u00f3 del nombre de <strong>participants<\/strong>, per aquest motiu, no us el podem avan\u00e7ar.<\/p>\n<p>Si vols participar, pots inscriure&#8217;t al <strong>Casal de Joves <\/strong>o emplenant aquest <strong>formulari<\/strong>:<\/p>\n<p class=\"wpcf7-contact-form-not-found\"><strong>Error:<\/strong> No s&#039;ha trobat el formulari de contacte.<\/p>\n","protected":false},"excerpt":{"rendered":"<p>Estem apunt d&#8217;acabar el mes de febrer i per al mar\u00e7 tenim preparat un seguit d&#8217;activitats del programa Fest@&#8217;l teu a les quals ja us podeu inscriure. Per comen\u00e7ar, farem un petit campionat de Fifa 13 al Casal de Joves de Vandell\u00f2s el dissabte 3 de mar\u00e7 a partir de les 18h. El guanyador tindr\u00e0 [&hellip;]<\/p>\n","protected":false},"author":140,"featured_media":0,"comment_status":"open","ping_status":"open","sticky":false,"template":"","format":"standard","meta":{"footnotes":""},"categories":[1],"tags":[],"class_list":["post-1136","post","type-post","status-publish","format-standard","hentry","category-general"],"_links":{"self":[{"href":"https:\/\/blocs.xarxanet.org\/cjvandellos\/wp-json\/wp\/v2\/posts\/1136","targetHints":{"allow":["GET"]}}],"collection":[{"href":"https:\/\/blocs.xarxanet.org\/cjvandellos\/wp-json\/wp\/v2\/posts"}],"about":[{"href":"https:\/\/blocs.xarxanet.org\/cjvandellos\/wp-json\/wp\/v2\/types\/post"}],"author":[{"embeddable":true,"href":"https:\/\/blocs.xarxanet.org\/cjvandellos\/wp-json\/wp\/v2\/users\/140"}],"replies":[{"embeddable":true,"href":"https:\/\/blocs.xarxanet.org\/cjvandellos\/wp-json\/wp\/v2\/comments?post=1136"}],"version-history":[{"count":4,"href":"https:\/\/blocs.xarxanet.org\/cjvandellos\/wp-json\/wp\/v2\/posts\/1136\/revisions"}],"predecessor-version":[{"id":1140,"href":"https:\/\/blocs.xarxanet.org\/cjvandellos\/wp-json\/wp\/v2\/posts\/1136\/revisions\/1140"}],"wp:attachment":[{"href":"https:\/\/blocs.xarxanet.org\/cjvandellos\/wp-json\/wp\/v2\/media?parent=1136"}],"wp:term":[{"taxonomy":"category","embeddable":true,"href":"https:\/\/blocs.xarxanet.org\/cjvandellos\/wp-json\/wp\/v2\/categories?post=1136"},{"taxonomy":"post_tag","embeddable":true,"href":"https:\/\/blocs.xarxanet.org\/cjvandellos\/wp-json\/wp\/v2\/tags?post=1136"}],"curies":[{"name":"wp","href":"https:\/\/api.w.org\/{rel}","templated":true}]}}