{"id":1129,"date":"2013-02-20T19:15:02","date_gmt":"2013-02-20T18:15:02","guid":{"rendered":"http:\/\/blocs.xarxanet.org\/cjvandellos\/?p=1129"},"modified":"2013-02-20T19:15:02","modified_gmt":"2013-02-20T18:15:02","slug":"tokl-2-madrid-parc-warner","status":"publish","type":"post","link":"https:\/\/blocs.xarxanet.org\/cjvandellos\/tokl-2-madrid-parc-warner\/","title":{"rendered":"Tok&#8217;l 2: Madrid + Parc Warner"},"content":{"rendered":"<p><a href=\"http:\/\/www.facebook.com\/events\/550520864960042\/\"><img loading=\"lazy\" decoding=\"async\" class=\"alignleft size-full wp-image-1118\" src=\"http:\/\/blocs.xarxanet.org\/cjvandellos\/files\/2011\/11\/MADRID.jpg\" alt=\"\" width=\"161\" height=\"228\" srcset=\"https:\/\/blocs.xarxanet.org\/cjvandellos\/files\/2011\/11\/MADRID.jpg 449w, https:\/\/blocs.xarxanet.org\/cjvandellos\/files\/2011\/11\/MADRID-212x300.jpg 212w\" sizes=\"auto, (max-width: 161px) 100vw, 161px\" \/><\/a>Per celebrar el final del segon <strong>trimestre<\/strong>, des del programa <strong>Tok&#8217;l 2<\/strong> hem organitzat una sortida per anar a visitar la ciutat de <strong><a href=\"http:\/\/www.facebook.com\/events\/550520864960042\/\">Madrid <\/a><\/strong>els dies 22, 23, 24 i 25 de mar\u00e7.<\/p>\n<p>Aprofitant la estan\u00e7a a aquesta <strong>ciutat<\/strong>, anirem a passar un dia\u00a0sencer\u00a0al <a href=\"http:\/\/www.parquewarner.com\/\">Parc Warner<\/a>, on trobareu multitud <strong>d&#8217;atraccions <\/strong>i <strong>espectacles<\/strong>.<\/p>\n<p>El preu \u00e9s de <strong>99\u20ac <\/strong>inclou: transport, allotjament, entrades, asseguran\u00e7a.<\/p>\n<p>Si et vols <strong>inscriure <\/strong>a aquesta sortida, encara hi ets a temps, per\u00f2 no t&#8217;encantis que el per\u00edode d&#8217;inscripci\u00f3 acabar\u00e0 el <strong>15 de mar\u00e7<\/strong> i les places s\u00f3n <strong>limitades<\/strong>!!<\/p>\n<p>Vine al <strong>Casal de Joves<\/strong> a fer la preinscripci\u00f3 el m\u00e9s aviat possible!!<\/p>\n","protected":false},"excerpt":{"rendered":"<p>Per celebrar el final del segon trimestre, des del programa Tok&#8217;l 2 hem organitzat una sortida per anar a visitar la ciutat de Madrid els dies 22, 23, 24 i 25 de mar\u00e7. Aprofitant la estan\u00e7a a aquesta ciutat, anirem a passar un dia\u00a0sencer\u00a0al Parc Warner, on trobareu multitud d&#8217;atraccions i espectacles. El preu \u00e9s [&hellip;]<\/p>\n","protected":false},"author":140,"featured_media":0,"comment_status":"open","ping_status":"open","sticky":false,"template":"","format":"standard","meta":{"footnotes":""},"categories":[64,1171],"tags":[],"class_list":["post-1129","post","type-post","status-publish","format-standard","hentry","category-activitat","category-informacio"],"_links":{"self":[{"href":"https:\/\/blocs.xarxanet.org\/cjvandellos\/wp-json\/wp\/v2\/posts\/1129","targetHints":{"allow":["GET"]}}],"collection":[{"href":"https:\/\/blocs.xarxanet.org\/cjvandellos\/wp-json\/wp\/v2\/posts"}],"about":[{"href":"https:\/\/blocs.xarxanet.org\/cjvandellos\/wp-json\/wp\/v2\/types\/post"}],"author":[{"embeddable":true,"href":"https:\/\/blocs.xarxanet.org\/cjvandellos\/wp-json\/wp\/v2\/users\/140"}],"replies":[{"embeddable":true,"href":"https:\/\/blocs.xarxanet.org\/cjvandellos\/wp-json\/wp\/v2\/comments?post=1129"}],"version-history":[{"count":2,"href":"https:\/\/blocs.xarxanet.org\/cjvandellos\/wp-json\/wp\/v2\/posts\/1129\/revisions"}],"predecessor-version":[{"id":1131,"href":"https:\/\/blocs.xarxanet.org\/cjvandellos\/wp-json\/wp\/v2\/posts\/1129\/revisions\/1131"}],"wp:attachment":[{"href":"https:\/\/blocs.xarxanet.org\/cjvandellos\/wp-json\/wp\/v2\/media?parent=1129"}],"wp:term":[{"taxonomy":"category","embeddable":true,"href":"https:\/\/blocs.xarxanet.org\/cjvandellos\/wp-json\/wp\/v2\/categories?post=1129"},{"taxonomy":"post_tag","embeddable":true,"href":"https:\/\/blocs.xarxanet.org\/cjvandellos\/wp-json\/wp\/v2\/tags?post=1129"}],"curies":[{"name":"wp","href":"https:\/\/api.w.org\/{rel}","templated":true}]}}