{"id":1123,"date":"2013-02-19T13:58:10","date_gmt":"2013-02-19T12:58:10","guid":{"rendered":"http:\/\/blocs.xarxanet.org\/cjvandellos\/?p=1123"},"modified":"2013-02-19T13:58:10","modified_gmt":"2013-02-19T12:58:10","slug":"noves-propostes-per-al-fesl-teu","status":"publish","type":"post","link":"https:\/\/blocs.xarxanet.org\/cjvandellos\/noves-propostes-per-al-fesl-teu\/","title":{"rendered":"Noves propostes per al Fes@&#8217;l teu"},"content":{"rendered":"<p><a href=\"http:\/\/blocs.xarxanet.org\/cjvandellos\/files\/2013\/02\/Logo-Fest@l-teu-negre.jpg\"><img loading=\"lazy\" decoding=\"async\" class=\"alignleft size-full wp-image-1124\" src=\"http:\/\/blocs.xarxanet.org\/cjvandellos\/files\/2013\/02\/Logo-Fest@l-teu-negre.jpg\" alt=\"\" width=\"217\" height=\"178\" \/><\/a>Des del <strong>Casal de Joves<\/strong> estem comen\u00e7ant a elaborar el nou programa de <strong>Fest@&#8217;l teu<\/strong> en el que hi haur\u00e0 un seguit de <strong>tallers, activitats, campionats<\/strong>&#8230; per\u00f2 sobretot volem que sigueu vosaltres, els i les joves, els que ens feu arribar les vostres <strong>propostes<\/strong> per tal d&#8217;incloure-les al <strong>programa <\/strong>i aix\u00ed pugueu fer i participar en all\u00f2 que m\u00e9s us <strong>interessa<\/strong>.<\/p>\n<p>A trav\u00e9s de l&#8217;apartat <a href=\"http:\/\/blocs.xarxanet.org\/cjvandellos\/contacte\/\">CONTACTE<\/a>\u00a0d&#8217;aquest mateix <strong>bloc<\/strong>, podeu fer-nos arribar les vostres <strong>demandes<\/strong>, per\u00f2 tamb\u00e9, com sempre, amb el <a href=\"http:\/\/www.facebook.com\/elsdelcasal.dejoves\">facebook<\/a>\u00a0o enviant-nos un correu electr\u00f2nic a: <em>joventut@vandellos-hospitalet.cat<\/em><\/p>\n","protected":false},"excerpt":{"rendered":"<p>Des del Casal de Joves estem comen\u00e7ant a elaborar el nou programa de Fest@&#8217;l teu en el que hi haur\u00e0 un seguit de tallers, activitats, campionats&#8230; per\u00f2 sobretot volem que sigueu vosaltres, els i les joves, els que ens feu arribar les vostres propostes per tal d&#8217;incloure-les al programa i aix\u00ed pugueu fer i participar [&hellip;]<\/p>\n","protected":false},"author":140,"featured_media":0,"comment_status":"open","ping_status":"open","sticky":false,"template":"","format":"standard","meta":{"footnotes":""},"categories":[64,1171],"tags":[],"class_list":["post-1123","post","type-post","status-publish","format-standard","hentry","category-activitat","category-informacio"],"_links":{"self":[{"href":"https:\/\/blocs.xarxanet.org\/cjvandellos\/wp-json\/wp\/v2\/posts\/1123","targetHints":{"allow":["GET"]}}],"collection":[{"href":"https:\/\/blocs.xarxanet.org\/cjvandellos\/wp-json\/wp\/v2\/posts"}],"about":[{"href":"https:\/\/blocs.xarxanet.org\/cjvandellos\/wp-json\/wp\/v2\/types\/post"}],"author":[{"embeddable":true,"href":"https:\/\/blocs.xarxanet.org\/cjvandellos\/wp-json\/wp\/v2\/users\/140"}],"replies":[{"embeddable":true,"href":"https:\/\/blocs.xarxanet.org\/cjvandellos\/wp-json\/wp\/v2\/comments?post=1123"}],"version-history":[{"count":2,"href":"https:\/\/blocs.xarxanet.org\/cjvandellos\/wp-json\/wp\/v2\/posts\/1123\/revisions"}],"predecessor-version":[{"id":1126,"href":"https:\/\/blocs.xarxanet.org\/cjvandellos\/wp-json\/wp\/v2\/posts\/1123\/revisions\/1126"}],"wp:attachment":[{"href":"https:\/\/blocs.xarxanet.org\/cjvandellos\/wp-json\/wp\/v2\/media?parent=1123"}],"wp:term":[{"taxonomy":"category","embeddable":true,"href":"https:\/\/blocs.xarxanet.org\/cjvandellos\/wp-json\/wp\/v2\/categories?post=1123"},{"taxonomy":"post_tag","embeddable":true,"href":"https:\/\/blocs.xarxanet.org\/cjvandellos\/wp-json\/wp\/v2\/tags?post=1123"}],"curies":[{"name":"wp","href":"https:\/\/api.w.org\/{rel}","templated":true}]}}