{"id":1102,"date":"2013-02-06T11:31:11","date_gmt":"2013-02-06T10:31:11","guid":{"rendered":"http:\/\/blocs.xarxanet.org\/cjvandellos\/?p=1102"},"modified":"2013-02-06T11:32:10","modified_gmt":"2013-02-06T10:32:10","slug":"nova-oferta-formativa-a-idetsa","status":"publish","type":"post","link":"https:\/\/blocs.xarxanet.org\/cjvandellos\/nova-oferta-formativa-a-idetsa\/","title":{"rendered":"Nova oferta formativa a IDETSA"},"content":{"rendered":"<p><a href=\"http:\/\/www.idetsa.net\/sites\/default\/files\/formacio\/triptic_2013_1semestre_web_0.pdf\"><img loading=\"lazy\" decoding=\"async\" class=\"alignleft size-full wp-image-1103\" src=\"http:\/\/blocs.xarxanet.org\/cjvandellos\/files\/2013\/02\/idetsa.jpg\" alt=\"\" width=\"339\" height=\"168\" srcset=\"https:\/\/blocs.xarxanet.org\/cjvandellos\/files\/2013\/02\/idetsa.jpg 565w, https:\/\/blocs.xarxanet.org\/cjvandellos\/files\/2013\/02\/idetsa-300x148.jpg 300w\" sizes=\"auto, (max-width: 339px) 100vw, 339px\" \/><\/a><\/p>\n<p><strong><a href=\"http:\/\/www.idetsa.net\/\">IDETSA <\/a><\/strong>posa al teu abast una oferta pr\u00e0ctica de\u00a0formaci\u00f3 i de qualitat per ampliar el teu curr\u00edculum i\u00a0la teva formaci\u00f3 amb <strong>20 cursos<\/strong> i <strong>c\u00e0psules <\/strong>i <strong>2\u00a0programes a mida<\/strong> dins dels sectors de m\u00e9s\u00a0potencial de creixement al nostre municipi.<\/p>\n<p>L\u2019elaboraci\u00f3\u00a0d&#8217;aquest\u00a0format formatiu \u00e9s resultat de\u00a0la participaci\u00f3 de totes les \u00e0rees de servei d\u2019<a href=\"http:\/\/www.idetsa.net\/\">IDETSA<\/a> i espec\u00edficament de la<strong> <a href=\"http:\/\/www.idetsa.net\/content\/borsa-de-treball\">Borsa de Treball<\/a><\/strong>, els\u00a0requeriments formatius de l\u2019<a href=\"http:\/\/www.vandellos-hospitalet.cat\/\">Ajuntament de\u00a0Vandell\u00f2s i l\u2019Hospitalet de l\u2019Infant<\/a>, les aportacions\u00a0de l\u2019<strong>Associaci\u00f3 d\u2019Empresaris<\/strong> Municipal de\u00a0l\u2019Hospitalet de l\u2019Infant i la <strong>mancomunitat <a href=\"http:\/\/www.midit2020.com\/\">MIDIT<\/a><\/strong>.<\/p>\n<p><a href=\"http:\/\/www.idetsa.net\/\">IDETSA<\/a> us proposa\u00a0tres grans blocs formatius:<\/p>\n<p><strong>1. <a href=\"http:\/\/www.idetsa.net\/sites\/default\/files\/formacio\/triptic_2013_1semestre_web_0.pdf\">ELS CURSOS<\/a>,<\/strong> espais de <strong>formaci\u00f3 te\u00f2rico-pr\u00e0ctica<\/strong> de llarga\u00a0durada amb l\u2019objectiu de millorar la teva formaci\u00f3 i la teva\u00a0ocupabilitat.<\/p>\n<p><strong>2. <a href=\"http:\/\/www.idetsa.net\/sites\/default\/files\/formacio\/triptic_2013_1semestre_web_0.pdf\">PROGRAMES A MIDA<\/a><\/strong>, accions de formaci\u00f3 dirigides a donar\u00a0resposta a les <strong>necessitats espec\u00edfiques <\/strong>de dos sectors com s\u00f3n la\u00a0<strong>restauraci\u00f3 <\/strong>i la <strong>log\u00edstica<\/strong>. T\u2019oferim una formaci\u00f3 te\u00f2rica, un m\u00f2dul\u00a0de pr\u00e0ctiques professionals i un reciclatge en 2 compet\u00e8ncies\u00a0transversals com s\u00f3n la inform\u00e0tica i l\u2019angl\u00e8s.<\/p>\n<p><strong>3.<a href=\"http:\/\/www.idetsa.net\/sites\/default\/files\/formacio\/triptic_2013_1semestre_web_0.pdf\"> LES C\u00c0PSULES<\/a><\/strong>, la nostra nova proposta \u00e9s una <strong>formaci\u00f3 integrad<\/strong>a per la combinaci\u00f3 de cursos i c\u00e0psules que t\u00e9 com a resultat\u00a0la formaci\u00f3 en dos dels sectors de m\u00e9s alta ocupabilitat del territori.<\/p>\n<p style=\"text-align: center\"><a href=\"http:\/\/www.idetsa.net\/sites\/default\/files\/formacio\/triptic_2013_1semestre_web_0.pdf\">Descarrega el tr\u00edptic<\/a><\/p>\n<p style=\"text-align: center\">\n<p style=\"text-align: center\">\n","protected":false},"excerpt":{"rendered":"<p>IDETSA posa al teu abast una oferta pr\u00e0ctica de\u00a0formaci\u00f3 i de qualitat per ampliar el teu curr\u00edculum i\u00a0la teva formaci\u00f3 amb 20 cursos i c\u00e0psules i 2\u00a0programes a mida dins dels sectors de m\u00e9s\u00a0potencial de creixement al nostre municipi. L\u2019elaboraci\u00f3\u00a0d&#8217;aquest\u00a0format formatiu \u00e9s resultat de\u00a0la participaci\u00f3 de totes les \u00e0rees de servei d\u2019IDETSA i espec\u00edficament de [&hellip;]<\/p>\n","protected":false},"author":140,"featured_media":0,"comment_status":"open","ping_status":"open","sticky":false,"template":"","format":"standard","meta":{"footnotes":""},"categories":[1,1171,14],"tags":[],"class_list":["post-1102","post","type-post","status-publish","format-standard","hentry","category-general","category-informacio","category-noticies"],"_links":{"self":[{"href":"https:\/\/blocs.xarxanet.org\/cjvandellos\/wp-json\/wp\/v2\/posts\/1102","targetHints":{"allow":["GET"]}}],"collection":[{"href":"https:\/\/blocs.xarxanet.org\/cjvandellos\/wp-json\/wp\/v2\/posts"}],"about":[{"href":"https:\/\/blocs.xarxanet.org\/cjvandellos\/wp-json\/wp\/v2\/types\/post"}],"author":[{"embeddable":true,"href":"https:\/\/blocs.xarxanet.org\/cjvandellos\/wp-json\/wp\/v2\/users\/140"}],"replies":[{"embeddable":true,"href":"https:\/\/blocs.xarxanet.org\/cjvandellos\/wp-json\/wp\/v2\/comments?post=1102"}],"version-history":[{"count":3,"href":"https:\/\/blocs.xarxanet.org\/cjvandellos\/wp-json\/wp\/v2\/posts\/1102\/revisions"}],"predecessor-version":[{"id":1106,"href":"https:\/\/blocs.xarxanet.org\/cjvandellos\/wp-json\/wp\/v2\/posts\/1102\/revisions\/1106"}],"wp:attachment":[{"href":"https:\/\/blocs.xarxanet.org\/cjvandellos\/wp-json\/wp\/v2\/media?parent=1102"}],"wp:term":[{"taxonomy":"category","embeddable":true,"href":"https:\/\/blocs.xarxanet.org\/cjvandellos\/wp-json\/wp\/v2\/categories?post=1102"},{"taxonomy":"post_tag","embeddable":true,"href":"https:\/\/blocs.xarxanet.org\/cjvandellos\/wp-json\/wp\/v2\/tags?post=1102"}],"curies":[{"name":"wp","href":"https:\/\/api.w.org\/{rel}","templated":true}]}}