{"id":1049,"date":"2013-02-01T13:32:21","date_gmt":"2013-02-01T12:32:21","guid":{"rendered":"http:\/\/blocs.xarxanet.org\/cjvandellos\/?p=1049"},"modified":"2013-02-01T13:33:02","modified_gmt":"2013-02-01T12:33:02","slug":"servei-dinformacio-al-a-la-jove","status":"publish","type":"post","link":"https:\/\/blocs.xarxanet.org\/cjvandellos\/servei-dinformacio-al-a-la-jove\/","title":{"rendered":"Servei d&#8217;informaci\u00f3 al (a la) Jove"},"content":{"rendered":"<p><a href=\"http:\/\/blocs.xarxanet.org\/cjvandellos\/files\/2013\/02\/Servei-dinfo-jove.jpg\"><img loading=\"lazy\" decoding=\"async\" class=\"alignleft size-full wp-image-1051\" src=\"http:\/\/blocs.xarxanet.org\/cjvandellos\/files\/2013\/02\/Servei-dinfo-jove.jpg\" alt=\"\" width=\"260\" height=\"183\" srcset=\"https:\/\/blocs.xarxanet.org\/cjvandellos\/files\/2013\/02\/Servei-dinfo-jove.jpg 723w, https:\/\/blocs.xarxanet.org\/cjvandellos\/files\/2013\/02\/Servei-dinfo-jove-300x211.jpg 300w\" sizes=\"auto, (max-width: 260px) 100vw, 260px\" \/><\/a><strong>Dilluns 4 de febrer<\/strong>, iniciem el nou <strong>Servei d&#8217;Informaci\u00f3 al Jove<\/strong> en el que els treballadors de <strong>joventut <\/strong>de l&#8217;ajuntament estarem a disposici\u00f3 dels alumnes de l&#8217;<strong>INS Berenguer d&#8217;Enten\u00e7a<\/strong> per atendre totes aquelles q\u00fcestions que ens facin arribar, ja sigui per rebre <strong>informaci\u00f3 <\/strong>de les <strong>activitats <\/strong>que realitzem al Casal de Joves, per a les <strong>sortides<\/strong>, o si el que necessiten \u00e9s una <strong>orientaci\u00f3<\/strong> o assessorament.<\/p>\n<p>Aquest servei es far\u00e0 el <strong>primer dilluns<\/strong> de cada mes a la <strong>segona <\/strong>hora del pati (12:45 &#8211; 13h).<\/p>\n","protected":false},"excerpt":{"rendered":"<p>Dilluns 4 de febrer, iniciem el nou Servei d&#8217;Informaci\u00f3 al Jove en el que els treballadors de joventut de l&#8217;ajuntament estarem a disposici\u00f3 dels alumnes de l&#8217;INS Berenguer d&#8217;Enten\u00e7a per atendre totes aquelles q\u00fcestions que ens facin arribar, ja sigui per rebre informaci\u00f3 de les activitats que realitzem al Casal de Joves, per a les [&hellip;]<\/p>\n","protected":false},"author":140,"featured_media":0,"comment_status":"open","ping_status":"open","sticky":false,"template":"","format":"standard","meta":{"footnotes":""},"categories":[1,1171],"tags":[],"class_list":["post-1049","post","type-post","status-publish","format-standard","hentry","category-general","category-informacio"],"_links":{"self":[{"href":"https:\/\/blocs.xarxanet.org\/cjvandellos\/wp-json\/wp\/v2\/posts\/1049","targetHints":{"allow":["GET"]}}],"collection":[{"href":"https:\/\/blocs.xarxanet.org\/cjvandellos\/wp-json\/wp\/v2\/posts"}],"about":[{"href":"https:\/\/blocs.xarxanet.org\/cjvandellos\/wp-json\/wp\/v2\/types\/post"}],"author":[{"embeddable":true,"href":"https:\/\/blocs.xarxanet.org\/cjvandellos\/wp-json\/wp\/v2\/users\/140"}],"replies":[{"embeddable":true,"href":"https:\/\/blocs.xarxanet.org\/cjvandellos\/wp-json\/wp\/v2\/comments?post=1049"}],"version-history":[{"count":4,"href":"https:\/\/blocs.xarxanet.org\/cjvandellos\/wp-json\/wp\/v2\/posts\/1049\/revisions"}],"predecessor-version":[{"id":1054,"href":"https:\/\/blocs.xarxanet.org\/cjvandellos\/wp-json\/wp\/v2\/posts\/1049\/revisions\/1054"}],"wp:attachment":[{"href":"https:\/\/blocs.xarxanet.org\/cjvandellos\/wp-json\/wp\/v2\/media?parent=1049"}],"wp:term":[{"taxonomy":"category","embeddable":true,"href":"https:\/\/blocs.xarxanet.org\/cjvandellos\/wp-json\/wp\/v2\/categories?post=1049"},{"taxonomy":"post_tag","embeddable":true,"href":"https:\/\/blocs.xarxanet.org\/cjvandellos\/wp-json\/wp\/v2\/tags?post=1049"}],"curies":[{"name":"wp","href":"https:\/\/api.w.org\/{rel}","templated":true}]}}