{"id":46,"date":"2019-10-31T17:56:01","date_gmt":"2019-10-31T15:56:01","guid":{"rendered":"http:\/\/blocs.xarxanet.org\/ccgg-garrotxa\/?p=46"},"modified":"2022-10-06T17:58:14","modified_gmt":"2022-10-06T15:58:14","slug":"manifest-8e-congres-de-la-gent-gran-de-catalunya","status":"publish","type":"post","link":"https:\/\/blocs.xarxanet.org\/ccgg-garrotxa\/2019\/10\/31\/manifest-8e-congres-de-la-gent-gran-de-catalunya\/","title":{"rendered":"MANIFEST 8\u00e8 Congr\u00e9s de la Gent gran de Catalunya"},"content":{"rendered":"<div class=\"entry-content\">\n<p>El passat 25 d\u2019octubre es va celebrar a Sant Fruit\u00f3s del Bages el 8\u00e8 Congr\u00e9s Nacional de la Gent Gran de Catalunya. De la Garrotxa hi vam participar 4 representants.<\/p>\n<p>Del Congr\u00e9s en va sortir un manifest que podeu llegir aqu\u00ed:\u00a0<a href=\"http:\/\/blocs.xarxanet.org\/ccgg-garrotxa\/files\/2019\/10\/Manifest.pdf\">Manifest<\/a>.<\/p>\n<\/div>\n","protected":false},"excerpt":{"rendered":"<p>El passat 25 d\u2019octubre es va celebrar a Sant Fruit\u00f3s del Bages el 8\u00e8 Congr\u00e9s Nacional de la Gent Gran de Catalunya. De la Garrotxa hi vam participar 4 representants. Del Congr\u00e9s en va sortir un manifest que podeu llegir &hellip; <a href=\"https:\/\/blocs.xarxanet.org\/ccgg-garrotxa\/2019\/10\/31\/manifest-8e-congres-de-la-gent-gran-de-catalunya\/\">Continua llegint <span class=\"meta-nav\">&rarr;<\/span><\/a><\/p>\n","protected":false},"author":1,"featured_media":0,"comment_status":"open","ping_status":"open","sticky":false,"template":"","format":"standard","meta":{"footnotes":""},"categories":[13],"tags":[],"class_list":["post-46","post","type-post","status-publish","format-standard","hentry","category-general"],"_links":{"self":[{"href":"https:\/\/blocs.xarxanet.org\/ccgg-garrotxa\/wp-json\/wp\/v2\/posts\/46","targetHints":{"allow":["GET"]}}],"collection":[{"href":"https:\/\/blocs.xarxanet.org\/ccgg-garrotxa\/wp-json\/wp\/v2\/posts"}],"about":[{"href":"https:\/\/blocs.xarxanet.org\/ccgg-garrotxa\/wp-json\/wp\/v2\/types\/post"}],"author":[{"embeddable":true,"href":"https:\/\/blocs.xarxanet.org\/ccgg-garrotxa\/wp-json\/wp\/v2\/users\/1"}],"replies":[{"embeddable":true,"href":"https:\/\/blocs.xarxanet.org\/ccgg-garrotxa\/wp-json\/wp\/v2\/comments?post=46"}],"version-history":[{"count":2,"href":"https:\/\/blocs.xarxanet.org\/ccgg-garrotxa\/wp-json\/wp\/v2\/posts\/46\/revisions"}],"predecessor-version":[{"id":48,"href":"https:\/\/blocs.xarxanet.org\/ccgg-garrotxa\/wp-json\/wp\/v2\/posts\/46\/revisions\/48"}],"wp:attachment":[{"href":"https:\/\/blocs.xarxanet.org\/ccgg-garrotxa\/wp-json\/wp\/v2\/media?parent=46"}],"wp:term":[{"taxonomy":"category","embeddable":true,"href":"https:\/\/blocs.xarxanet.org\/ccgg-garrotxa\/wp-json\/wp\/v2\/categories?post=46"},{"taxonomy":"post_tag","embeddable":true,"href":"https:\/\/blocs.xarxanet.org\/ccgg-garrotxa\/wp-json\/wp\/v2\/tags?post=46"}],"curies":[{"name":"wp","href":"https:\/\/api.w.org\/{rel}","templated":true}]}}