{"id":854,"date":"2017-05-16T17:56:38","date_gmt":"2017-05-16T17:56:38","guid":{"rendered":"http:\/\/blocs.xarxanet.org\/aipcc\/?p=854"},"modified":"2017-05-16T17:56:38","modified_gmt":"2017-05-16T17:56:38","slug":"els-guanyadors-del-xxvii-jocs-florals-del-raval","status":"publish","type":"post","link":"https:\/\/blocs.xarxanet.org\/aipcc\/2017\/05\/16\/els-guanyadors-del-xxvii-jocs-florals-del-raval\/","title":{"rendered":"Els guanyadors del XXVII Jocs Florals del Raval"},"content":{"rendered":"<p>El passat dia 14 de maig es van lliurar els guardons i premis del XXVII Jocs Florals del Raval, vam contar amb la pres\u00e8ncia del jurat, amb el Director General Sr. Roger Marcet, del museu Mar\u00edtim, que cada any ens cedeix la sala d&#8217;actes i a m\u00e9s fa donaci\u00f3 de llibres pels participants. L&#8217;entitat obsequia a tots els participants amb la rosa, hi ha que per ells, tots s\u00f3n, <span class=\"hiddenGrammarError\">guanyadors<\/span>, com tamb\u00e9 tenen la medalla de participaci\u00f3. Va assistir la Regidora del Districte Sra. Gala Pin, presidint la taula, tamb\u00e9 van acompanyar a l&#8217;acte consellers del Districte Sra. Maria Jos\u00e9 <span class=\"hiddenSpellError\">Chacon<\/span> i Marc Rodes del PDeCAT, Sra. J\u00falia Bares de Ciutadans, Sra. Llum Ventura de Barcelona Com\u00fa. Els primers premis lleixassen part de la seva obra, aquest any coincidint amb la setmana de la Poesia a Barcelona es va donar lectura als tres premis atorgats pel jurat.<\/p>\n<p><a href=\"http:\/\/blocs.xarxanet.org\/aipcc\/files\/2017\/05\/programa-de-ma-1.jpg\" rel=\"attachment wp-att-855\"><img loading=\"lazy\" decoding=\"async\" class=\"alignright size-thumbnail wp-image-855\" src=\"http:\/\/blocs.xarxanet.org\/aipcc\/files\/2017\/05\/programa-de-ma-1-150x150.jpg\" alt=\"programa de ma 1\" width=\"150\" height=\"150\" \/><\/a><a href=\"http:\/\/blocs.xarxanet.org\/aipcc\/files\/2017\/05\/programa-de-ma.jpg\" rel=\"attachment wp-att-856\"><img loading=\"lazy\" decoding=\"async\" class=\"alignleft size-thumbnail wp-image-856\" src=\"http:\/\/blocs.xarxanet.org\/aipcc\/files\/2017\/05\/programa-de-ma-150x150.jpg\" alt=\"programa de ma\" width=\"150\" height=\"150\" \/><\/a><\/p>\n<p>Van participar 78 persones amb prosa i ver, 93 treballs, dels 78 participants 36 van ser de fora de la ciutat, els guanyadors s\u00f3n:<\/p>\n<p>PROSA JUVENIL<\/p>\n<p><span class=\"hiddenGrammarError\">1er<\/span>. &#8220;Sota la mateixa lluna&#8221; <span class=\"hiddenGrammarError\">de Etna<\/span> Mir\u00f3 <span class=\"hiddenSpellError\">Escobar<\/span><br \/>\n<span class=\"hiddenGrammarError\">2on<\/span>. &#8220;La dona del quadre&#8221; <span class=\"hiddenGrammarError\">de Aina<\/span> Casal Pelegr\u00ed<\/p>\n<p>PROSA <span class=\"hiddenGrammarError\">ADULT<\/span><\/p>\n<p><span class=\"hiddenGrammarError\">1er<\/span>. &#8220;<span class=\"hiddenSpellError\">ATIV<\/span>&#8221; de Joan J. Granados i Romero<br \/>\n<span class=\"hiddenGrammarError\">2on<\/span>. &#8220;Roses i roselles&#8221; <span class=\"hiddenGrammarError\">de Eva<\/span> <span class=\"hiddenSpellError\">Vilarrasa<\/span> Colomer<br \/>\n<span class=\"hiddenGrammarError\">3er<\/span>. Del <span class=\"hiddenSpellError\">Gernika<\/span> de <span class=\"hiddenSpellError\">Picaso<\/span> al mar <span class=\"hiddenSpellError\">Mediterraneo<\/span><span class=\"hiddenGrammarError\">&#8220;<\/span> de <span class=\"hiddenSpellError\">Eradio<\/span> Gonz\u00e1lez \u00c1lvarez<\/p>\n<p>VERS ADULT<\/p>\n<p><span class=\"hiddenGrammarError\">1er<\/span>. &#8220;<span class=\"hiddenSpellError\">Ojos<\/span> tristes, tristes <span class=\"hiddenSpellError\">ojos<\/span>&#8221; de Pilar Rodr\u00edguez <span class=\"hiddenSpellError\">Briz<\/span><br \/>\n<span class=\"hiddenGrammarError\">2on<\/span> &#8220;Camins&#8221; de Joan Armengol i Puig<br \/>\n<span class=\"hiddenGrammarError\">3er<\/span>. &#8220;<span class=\"hiddenSpellError\">Samir<\/span>&#8221; de Carme <span class=\"hiddenGrammarError\">Sol\u00e9 Sol\u00e9<\/span><\/p>\n<p>Una vegada finalitzat el repartiment dels premis, es va donar la paraula al Sr. Roger Marcet i a la Regidora Gala tancant la presidenta de l&#8217;entitat organitzadora convidant a una copa de cava.<\/p>\n<p><a href=\"http:\/\/blocs.xarxanet.org\/aipcc\/files\/2017\/05\/20170514_101403.jpg\" rel=\"attachment wp-att-857\"><img loading=\"lazy\" decoding=\"async\" class=\"alignright size-thumbnail wp-image-857\" src=\"http:\/\/blocs.xarxanet.org\/aipcc\/files\/2017\/05\/20170514_101403-150x150.jpg\" alt=\"20170514_101403\" width=\"150\" height=\"150\" \/><\/a><a href=\"http:\/\/blocs.xarxanet.org\/aipcc\/files\/2017\/05\/20170514_101304.jpg\" rel=\"attachment wp-att-858\"><img loading=\"lazy\" decoding=\"async\" class=\"alignright size-thumbnail wp-image-858\" src=\"http:\/\/blocs.xarxanet.org\/aipcc\/files\/2017\/05\/20170514_101304-150x150.jpg\" alt=\"20170514_101304\" width=\"150\" height=\"150\" \/><\/a><a href=\"http:\/\/blocs.xarxanet.org\/aipcc\/files\/2017\/05\/20170514_101245.jpg\" rel=\"attachment wp-att-859\"><img loading=\"lazy\" decoding=\"async\" class=\"alignright size-thumbnail wp-image-859\" src=\"http:\/\/blocs.xarxanet.org\/aipcc\/files\/2017\/05\/20170514_101245-150x150.jpg\" alt=\"20170514_101245\" width=\"150\" height=\"150\" \/><\/a><a href=\"http:\/\/blocs.xarxanet.org\/aipcc\/files\/2017\/05\/DSCF5242.jpg\" rel=\"attachment wp-att-860\"><img loading=\"lazy\" decoding=\"async\" class=\"alignright size-thumbnail wp-image-860\" src=\"http:\/\/blocs.xarxanet.org\/aipcc\/files\/2017\/05\/DSCF5242-150x150.jpg\" alt=\"DSCF5242\" width=\"150\" height=\"150\" \/><\/a><a href=\"http:\/\/blocs.xarxanet.org\/aipcc\/files\/2017\/05\/DSCF5243.jpg\" rel=\"attachment wp-att-861\"><img loading=\"lazy\" decoding=\"async\" class=\"alignright size-thumbnail wp-image-861\" src=\"http:\/\/blocs.xarxanet.org\/aipcc\/files\/2017\/05\/DSCF5243-150x150.jpg\" alt=\"DSCF5243\" width=\"150\" height=\"150\" \/><\/a><a href=\"http:\/\/blocs.xarxanet.org\/aipcc\/files\/2017\/05\/DSCF5244.jpg\" rel=\"attachment wp-att-862\"><img loading=\"lazy\" decoding=\"async\" class=\"alignright size-thumbnail wp-image-862\" src=\"http:\/\/blocs.xarxanet.org\/aipcc\/files\/2017\/05\/DSCF5244-150x150.jpg\" alt=\"DSCF5244\" width=\"150\" height=\"150\" \/><\/a><a href=\"http:\/\/blocs.xarxanet.org\/aipcc\/files\/2017\/05\/DSCF5245.jpg\" rel=\"attachment wp-att-863\"><img loading=\"lazy\" decoding=\"async\" class=\"alignright size-thumbnail wp-image-863\" src=\"http:\/\/blocs.xarxanet.org\/aipcc\/files\/2017\/05\/DSCF5245-150x150.jpg\" alt=\"DSCF5245\" width=\"150\" height=\"150\" \/><\/a><a href=\"http:\/\/blocs.xarxanet.org\/aipcc\/files\/2017\/05\/DSCF5248.jpg\" rel=\"attachment wp-att-864\"><img loading=\"lazy\" decoding=\"async\" class=\"alignright size-thumbnail wp-image-864\" src=\"http:\/\/blocs.xarxanet.org\/aipcc\/files\/2017\/05\/DSCF5248-150x150.jpg\" alt=\"DSCF5248\" width=\"150\" height=\"150\" \/><\/a><a href=\"http:\/\/blocs.xarxanet.org\/aipcc\/files\/2017\/05\/DSCF5229.jpg\" rel=\"attachment wp-att-865\"><img loading=\"lazy\" decoding=\"async\" class=\"alignright size-thumbnail wp-image-865\" src=\"http:\/\/blocs.xarxanet.org\/aipcc\/files\/2017\/05\/DSCF5229-150x150.jpg\" alt=\"DSCF5229\" width=\"150\" height=\"150\" \/><\/a><a href=\"http:\/\/blocs.xarxanet.org\/aipcc\/files\/2017\/05\/jurat-j.f.-17.jpg\" rel=\"attachment wp-att-866\"><img loading=\"lazy\" decoding=\"async\" class=\"alignleft size-thumbnail wp-image-866\" src=\"http:\/\/blocs.xarxanet.org\/aipcc\/files\/2017\/05\/jurat-j.f.-17-150x150.jpg\" alt=\"jurat j.f. 17\" width=\"150\" height=\"150\" \/><\/a><a href=\"http:\/\/blocs.xarxanet.org\/aipcc\/files\/2017\/05\/20170514_104055.jpg\" rel=\"attachment wp-att-867\"><img loading=\"lazy\" decoding=\"async\" class=\"alignleft size-thumbnail wp-image-867\" src=\"http:\/\/blocs.xarxanet.org\/aipcc\/files\/2017\/05\/20170514_104055-150x150.jpg\" alt=\"20170514_104055\" width=\"150\" height=\"150\" \/><\/a><a href=\"http:\/\/blocs.xarxanet.org\/aipcc\/files\/2017\/05\/presidencial-j.-f.-17.jpg\" rel=\"attachment wp-att-868\"><img loading=\"lazy\" decoding=\"async\" class=\"alignleft size-thumbnail wp-image-868\" src=\"http:\/\/blocs.xarxanet.org\/aipcc\/files\/2017\/05\/presidencial-j.-f.-17-150x150.jpg\" alt=\"presidencial j. f. 17\" width=\"150\" height=\"150\" \/><\/a><a href=\"http:\/\/blocs.xarxanet.org\/aipcc\/files\/2017\/05\/DSCF5234.jpg\" rel=\"attachment wp-att-870\"><img loading=\"lazy\" decoding=\"async\" class=\"aligncenter size-medium wp-image-870\" src=\"http:\/\/blocs.xarxanet.org\/aipcc\/files\/2017\/05\/DSCF5234-300x225.jpg\" alt=\"DSCF5234\" width=\"300\" height=\"225\" srcset=\"https:\/\/blocs.xarxanet.org\/aipcc\/files\/2017\/05\/DSCF5234-300x225.jpg 300w, https:\/\/blocs.xarxanet.org\/aipcc\/files\/2017\/05\/DSCF5234-768x576.jpg 768w, https:\/\/blocs.xarxanet.org\/aipcc\/files\/2017\/05\/DSCF5234-1024x768.jpg 1024w\" sizes=\"auto, (max-width: 300px) 100vw, 300px\" \/><\/a><\/p>\n","protected":false},"excerpt":{"rendered":"<p>El passat dia 14 de maig es van lliurar els guardons i premis del XXVII Jocs Florals del Raval, vam contar amb la pres\u00e8ncia del jurat, amb el Director General Sr. Roger Marcet, del museu Mar\u00edtim, que cada any ens &hellip; <a href=\"https:\/\/blocs.xarxanet.org\/aipcc\/2017\/05\/16\/els-guanyadors-del-xxvii-jocs-florals-del-raval\/\">Continue reading <span class=\"meta-nav\">&rarr;<\/span><\/a><\/p>\n","protected":false},"author":330,"featured_media":0,"comment_status":"open","ping_status":"open","sticky":false,"template":"","format":"standard","meta":{"footnotes":""},"categories":[1002,62671,62672,14],"tags":[],"class_list":["post-854","post","type-post","status-publish","format-standard","hentry","category-fotos","category-aipcc","category-jocs-florals-del-raval","category-noticies"],"_links":{"self":[{"href":"https:\/\/blocs.xarxanet.org\/aipcc\/wp-json\/wp\/v2\/posts\/854","targetHints":{"allow":["GET"]}}],"collection":[{"href":"https:\/\/blocs.xarxanet.org\/aipcc\/wp-json\/wp\/v2\/posts"}],"about":[{"href":"https:\/\/blocs.xarxanet.org\/aipcc\/wp-json\/wp\/v2\/types\/post"}],"author":[{"embeddable":true,"href":"https:\/\/blocs.xarxanet.org\/aipcc\/wp-json\/wp\/v2\/users\/330"}],"replies":[{"embeddable":true,"href":"https:\/\/blocs.xarxanet.org\/aipcc\/wp-json\/wp\/v2\/comments?post=854"}],"version-history":[{"count":1,"href":"https:\/\/blocs.xarxanet.org\/aipcc\/wp-json\/wp\/v2\/posts\/854\/revisions"}],"predecessor-version":[{"id":871,"href":"https:\/\/blocs.xarxanet.org\/aipcc\/wp-json\/wp\/v2\/posts\/854\/revisions\/871"}],"wp:attachment":[{"href":"https:\/\/blocs.xarxanet.org\/aipcc\/wp-json\/wp\/v2\/media?parent=854"}],"wp:term":[{"taxonomy":"category","embeddable":true,"href":"https:\/\/blocs.xarxanet.org\/aipcc\/wp-json\/wp\/v2\/categories?post=854"},{"taxonomy":"post_tag","embeddable":true,"href":"https:\/\/blocs.xarxanet.org\/aipcc\/wp-json\/wp\/v2\/tags?post=854"}],"curies":[{"name":"wp","href":"https:\/\/api.w.org\/{rel}","templated":true}]}}