{"id":816,"date":"2017-04-02T17:43:12","date_gmt":"2017-04-02T17:43:12","guid":{"rendered":"http:\/\/blocs.xarxanet.org\/aipcc\/?p=816"},"modified":"2017-04-02T17:43:32","modified_gmt":"2017-04-02T17:43:32","slug":"homenatge-a-erika","status":"publish","type":"post","link":"https:\/\/blocs.xarxanet.org\/aipcc\/2017\/04\/02\/homenatge-a-erika\/","title":{"rendered":"Homenatge a \u00c8rika"},"content":{"rendered":"<p>El dia 31 a l&#8217;\u00c0gora del Ben\u00edtez entitats del Raval van fer un homenatge a l&#8217;educadora <span class=\"hiddenSpellError\">\u00c8rika<\/span> jove estimada per companys, i la canalla que ella durant temps va guiar-los.<\/p>\n<p>La nostra entitat es va afegir a l&#8217;homenatge elaborant una xocolatada per un centenar de persones, van assistir canalla perqu\u00e8 feien titelles i gent gran per la confer\u00e8ncia que m\u00e9s tard es va portar a terme.<a href=\"http:\/\/blocs.xarxanet.org\/aipcc\/files\/2017\/04\/cartell-erika-xocolatada.jpg\" rel=\"attachment wp-att-817\"><img loading=\"lazy\" decoding=\"async\" class=\"alignright size-thumbnail wp-image-817\" src=\"http:\/\/blocs.xarxanet.org\/aipcc\/files\/2017\/04\/cartell-erika-xocolatada-150x150.jpg\" alt=\"cartell erika xocolatada\" width=\"150\" height=\"150\" \/><\/a><a href=\"http:\/\/blocs.xarxanet.org\/aipcc\/files\/2017\/04\/20170331_173450.jpg\" rel=\"attachment wp-att-818\"><img loading=\"lazy\" decoding=\"async\" class=\"alignright size-thumbnail wp-image-818\" src=\"http:\/\/blocs.xarxanet.org\/aipcc\/files\/2017\/04\/20170331_173450-150x150.jpg\" alt=\"20170331_173450\" width=\"150\" height=\"150\" \/><\/a><a href=\"http:\/\/blocs.xarxanet.org\/aipcc\/files\/2017\/04\/20170331_182359.jpg\" rel=\"attachment wp-att-819\"><img loading=\"lazy\" decoding=\"async\" class=\"alignright size-thumbnail wp-image-819\" src=\"http:\/\/blocs.xarxanet.org\/aipcc\/files\/2017\/04\/20170331_182359-150x150.jpg\" alt=\"20170331_182359\" width=\"150\" height=\"150\" \/><\/a><\/p>\n","protected":false},"excerpt":{"rendered":"<p>El dia 31 a l&#8217;\u00c0gora del Ben\u00edtez entitats del Raval van fer un homenatge a l&#8217;educadora \u00c8rika jove estimada per companys, i la canalla que ella durant temps va guiar-los. La nostra entitat es va afegir a l&#8217;homenatge elaborant una &hellip; <a href=\"https:\/\/blocs.xarxanet.org\/aipcc\/2017\/04\/02\/homenatge-a-erika\/\">Continue reading <span class=\"meta-nav\">&rarr;<\/span><\/a><\/p>\n","protected":false},"author":330,"featured_media":0,"comment_status":"open","ping_status":"open","sticky":false,"template":"","format":"standard","meta":{"footnotes":""},"categories":[1002,62671,14],"tags":[],"class_list":["post-816","post","type-post","status-publish","format-standard","hentry","category-fotos","category-aipcc","category-noticies"],"_links":{"self":[{"href":"https:\/\/blocs.xarxanet.org\/aipcc\/wp-json\/wp\/v2\/posts\/816","targetHints":{"allow":["GET"]}}],"collection":[{"href":"https:\/\/blocs.xarxanet.org\/aipcc\/wp-json\/wp\/v2\/posts"}],"about":[{"href":"https:\/\/blocs.xarxanet.org\/aipcc\/wp-json\/wp\/v2\/types\/post"}],"author":[{"embeddable":true,"href":"https:\/\/blocs.xarxanet.org\/aipcc\/wp-json\/wp\/v2\/users\/330"}],"replies":[{"embeddable":true,"href":"https:\/\/blocs.xarxanet.org\/aipcc\/wp-json\/wp\/v2\/comments?post=816"}],"version-history":[{"count":1,"href":"https:\/\/blocs.xarxanet.org\/aipcc\/wp-json\/wp\/v2\/posts\/816\/revisions"}],"predecessor-version":[{"id":820,"href":"https:\/\/blocs.xarxanet.org\/aipcc\/wp-json\/wp\/v2\/posts\/816\/revisions\/820"}],"wp:attachment":[{"href":"https:\/\/blocs.xarxanet.org\/aipcc\/wp-json\/wp\/v2\/media?parent=816"}],"wp:term":[{"taxonomy":"category","embeddable":true,"href":"https:\/\/blocs.xarxanet.org\/aipcc\/wp-json\/wp\/v2\/categories?post=816"},{"taxonomy":"post_tag","embeddable":true,"href":"https:\/\/blocs.xarxanet.org\/aipcc\/wp-json\/wp\/v2\/tags?post=816"}],"curies":[{"name":"wp","href":"https:\/\/api.w.org\/{rel}","templated":true}]}}