{"id":749,"date":"2017-02-18T06:43:37","date_gmt":"2017-02-18T06:43:37","guid":{"rendered":"http:\/\/blocs.xarxanet.org\/aipcc\/?p=749"},"modified":"2017-02-18T06:43:37","modified_gmt":"2017-02-18T06:43:37","slug":"vi-festa-de-cultura-popular-al-raval-santa-madrona","status":"publish","type":"post","link":"https:\/\/blocs.xarxanet.org\/aipcc\/2017\/02\/18\/vi-festa-de-cultura-popular-al-raval-santa-madrona\/","title":{"rendered":"VI FESTA DE CULTURA POPULAR AL RAVAL SANTA MADRONA"},"content":{"rendered":"<div id=\"attachment_750\" style=\"width: 228px\" class=\"wp-caption aligncenter\"><a href=\"http:\/\/blocs.xarxanet.org\/aipcc\/files\/2017\/02\/SANTA-MADRONA-17-001.jpg\" rel=\"attachment wp-att-750\"><img loading=\"lazy\" decoding=\"async\" aria-describedby=\"caption-attachment-750\" class=\"size-medium wp-image-750\" src=\"http:\/\/blocs.xarxanet.org\/aipcc\/files\/2017\/02\/SANTA-MADRONA-17-001-218x300.jpg\" alt=\"Dibuixat per M. Casas \" width=\"218\" height=\"300\" srcset=\"https:\/\/blocs.xarxanet.org\/aipcc\/files\/2017\/02\/SANTA-MADRONA-17-001-218x300.jpg 218w, https:\/\/blocs.xarxanet.org\/aipcc\/files\/2017\/02\/SANTA-MADRONA-17-001-768x1059.jpg 768w, https:\/\/blocs.xarxanet.org\/aipcc\/files\/2017\/02\/SANTA-MADRONA-17-001-742x1024.jpg 742w, https:\/\/blocs.xarxanet.org\/aipcc\/files\/2017\/02\/SANTA-MADRONA-17-001.jpg 1595w\" sizes=\"auto, (max-width: 218px) 100vw, 218px\" \/><\/a><p id=\"caption-attachment-750\" class=\"wp-caption-text\">Dibuixat per M. Casas<\/p><\/div>\n<p><em>\u00a0\u00a0\u00a0\u00a0\u00a0\u00a0\u00a0\u00a0\u00a0\u00a0\u00a0\u00a0\u00a0\u00a0\u00a0\u00a0\u00a0\u00a0 <\/em><em>11 de mar\u00e7 de 2017<\/em><\/p>\n<p><em>\u00a0<\/em><\/p>\n<p><em>A les 16:30 h. plantada del Imaginari festiu a la pla\u00e7a Gardunya<\/em><\/p>\n<p><em>A les 17:30 h. inici cercavila<\/em><\/p>\n<p><em>A les 19 h. finalitz\u00e0 a la pla\u00e7a Joan Amades amb ball dels participants i espectacle de Foc per la colla de Foc del Drac del Poble Nou.<\/em><\/p>\n<p><em>RECORREGUT:<\/em><\/p>\n<p><em>Pla\u00e7a Gardunya, carrer del Carme, Rambla, carrer Hospital, pla\u00e7a Pedr\u00f3, carrer Carme, pla\u00e7a Joan Amades.<\/em><\/p>\n<p><em>PARTICIPANT:<\/em><\/p>\n<p><em>Tabalers del Poble Sec\u00a0\u00a0\u00a0\u00a0\u00a0 \u00a0\u00a0\u00a0\u00a0\u00a0\u00a0\u00a0\u00a0\u00a0\u00a0\u00a0\u00a0\u00a0\u00a0\u00a0\u00a0\u00a0\u00a0\u00a0\u00a0\u00a0\u00a0\u00a0\u00a0\u00a0\u00a0Diables del Poble Sec amb el Gat S\u00edrius<\/em><\/p>\n<p><em>Capgrossos del Raval\u00a0\u00a0\u00a0\u00a0\u00a0\u00a0\u00a0\u00a0\u00a0\u00a0\u00a0\u00a0\u00a0\u00a0\u00a0\u00a0\u00a0\u00a0\u00a0\u00a0\u00a0\u00a0\u00a0\u00a0\u00a0\u00a0\u00a0\u00a0\u00a0\u00a0\u00a0\u00a0\u00a0 Bastoners del Raval<\/em><\/p>\n<p><em>F\u00e8nix del Poble Nou\u00a0\u00a0\u00a0\u00a0\u00a0\u00a0\u00a0\u00a0\u00a0\u00a0\u00a0\u00a0\u00a0\u00a0\u00a0\u00a0\u00a0\u00a0\u00a0\u00a0\u00a0\u00a0\u00a0\u00a0\u00a0\u00a0\u00a0\u00a0\u00a0\u00a0\u00a0\u00a0\u00a0\u00a0\u00a0 Colla de Diables del Drac del Poble Nou<\/em><\/p>\n<p><em>Capgrossos Bloc Ciutat Comtal \u00a0\u00a0\u00a0\u00a0\u00a0\u00a0\u00a0\u00a0\u00a0\u00a0\u00a0\u00a0\u00a0\u00a0\u00a0Mulassa de Barcelona<\/em><\/p>\n<p><em>Gegants del Raval\u00a0\u00a0\u00a0\u00a0\u00a0\u00a0\u00a0\u00a0\u00a0\u00a0\u00a0\u00a0\u00a0\u00a0\u00a0\u00a0\u00a0\u00a0\u00a0\u00a0\u00a0\u00a0\u00a0\u00a0\u00a0\u00a0\u00a0\u00a0\u00a0 Gegants i Capgrossos de Santa Coloma de Gramenet<\/em><\/p>\n<p><em>Gegants del Poble Sec\u00a0\u00a0\u00a0\u00a0\u00a0\u00a0\u00a0\u00a0\u00a0\u00a0\u00a0\u00a0\u00a0\u00a0\u00a0\u00a0\u00a0\u00a0\u00a0\u00a0\u00a0\u00a0\u00a0\u00a0\u00a0\u00a0\u00a0\u00a0\u00a0 Gegants i Capgrossos de la Trinitat Vella<\/em><\/p>\n<p><em>Gegants del Cas Antic\u00a0\u00a0\u00a0\u00a0\u00a0\u00a0\u00a0\u00a0\u00a0\u00a0\u00a0\u00a0\u00a0\u00a0\u00a0\u00a0\u00a0\u00a0\u00a0\u00a0\u00a0\u00a0\u00a0\u00a0\u00a0\u00a0\u00a0\u00a0\u00a0 Bouets i la Vaqueta del Raval<\/em><\/p>\n<p><em>Organitz\u00e0: <\/em><em>Associaci\u00f3 Institut de Promoci\u00f3 de la Cultura Catalana <\/em><\/p>\n<p><em>Col\u00b7laborant: <\/em><em>LCDE,\u00a0 Taula de Mediaci\u00f3 Folch i Torres, Raval Cultural. AVC Carrer Cera i Taula del Raval\u00a0 <\/em><em><br \/>\n<\/em><\/p>\n<p><em>\u00a0\u00a0\u00a0\u00a0\u00a0\u00a0\u00a0\u00a0\u00a0\u00a0\u00a0\u00a0\u00a0\u00a0\u00a0\u00a0\u00a0\u00a0\u00a0\u00a0\u00a0\u00a0\u00a0\u00a0\u00a0\u00a0\u00a0\u00a0\u00a0\u00a0\u00a0\u00a0\u00a0\u00a0\u00a0\u00a0\u00a0\u00a0\u00a0\u00a0\u00a0\u00a0\u00a0\u00a0\u00a0\u00a0\u00a0\u00a0\u00a0\u00a0\u00a0\u00a0\u00a0\u00a0\u00a0\u00a0\u00a0\u00a0\u00a0\u00a0 Amb el suport:\u00a0 Ajuntament de Barcelona<\/em><\/p>\n<p><em>Esperem gaudir de una bona Festa amb companyia de tots els ve\u00efns i ve\u00efnes i la resta de ciutadans , US ESPEREM!!<br \/>\n<\/em><\/p>\n","protected":false},"excerpt":{"rendered":"<p>\u00a0\u00a0\u00a0\u00a0\u00a0\u00a0\u00a0\u00a0\u00a0\u00a0\u00a0\u00a0\u00a0\u00a0\u00a0\u00a0\u00a0\u00a0 11 de mar\u00e7 de 2017 \u00a0 A les 16:30 h. plantada del Imaginari festiu a la pla\u00e7a Gardunya A les 17:30 h. inici cercavila A les 19 h. finalitz\u00e0 a la pla\u00e7a Joan Amades amb ball dels participants i &hellip; <a href=\"https:\/\/blocs.xarxanet.org\/aipcc\/2017\/02\/18\/vi-festa-de-cultura-popular-al-raval-santa-madrona\/\">Continue reading <span class=\"meta-nav\">&rarr;<\/span><\/a><\/p>\n","protected":false},"author":330,"featured_media":0,"comment_status":"open","ping_status":"open","sticky":false,"template":"","format":"standard","meta":{"footnotes":""},"categories":[1002,62671,14],"tags":[],"class_list":["post-749","post","type-post","status-publish","format-standard","hentry","category-fotos","category-aipcc","category-noticies"],"_links":{"self":[{"href":"https:\/\/blocs.xarxanet.org\/aipcc\/wp-json\/wp\/v2\/posts\/749","targetHints":{"allow":["GET"]}}],"collection":[{"href":"https:\/\/blocs.xarxanet.org\/aipcc\/wp-json\/wp\/v2\/posts"}],"about":[{"href":"https:\/\/blocs.xarxanet.org\/aipcc\/wp-json\/wp\/v2\/types\/post"}],"author":[{"embeddable":true,"href":"https:\/\/blocs.xarxanet.org\/aipcc\/wp-json\/wp\/v2\/users\/330"}],"replies":[{"embeddable":true,"href":"https:\/\/blocs.xarxanet.org\/aipcc\/wp-json\/wp\/v2\/comments?post=749"}],"version-history":[{"count":1,"href":"https:\/\/blocs.xarxanet.org\/aipcc\/wp-json\/wp\/v2\/posts\/749\/revisions"}],"predecessor-version":[{"id":751,"href":"https:\/\/blocs.xarxanet.org\/aipcc\/wp-json\/wp\/v2\/posts\/749\/revisions\/751"}],"wp:attachment":[{"href":"https:\/\/blocs.xarxanet.org\/aipcc\/wp-json\/wp\/v2\/media?parent=749"}],"wp:term":[{"taxonomy":"category","embeddable":true,"href":"https:\/\/blocs.xarxanet.org\/aipcc\/wp-json\/wp\/v2\/categories?post=749"},{"taxonomy":"post_tag","embeddable":true,"href":"https:\/\/blocs.xarxanet.org\/aipcc\/wp-json\/wp\/v2\/tags?post=749"}],"curies":[{"name":"wp","href":"https:\/\/api.w.org\/{rel}","templated":true}]}}