{"id":736,"date":"2017-02-15T20:27:31","date_gmt":"2017-02-15T20:27:31","guid":{"rendered":"http:\/\/blocs.xarxanet.org\/aipcc\/?p=736"},"modified":"2017-02-15T20:27:31","modified_gmt":"2017-02-15T20:27:31","slug":"festes-de-santa-eulalia-2017","status":"publish","type":"post","link":"https:\/\/blocs.xarxanet.org\/aipcc\/2017\/02\/15\/festes-de-santa-eulalia-2017\/","title":{"rendered":"Festes de Santa Eul\u00e0lia 2017"},"content":{"rendered":"<p>Els dies 11\u00a0 de febrer les nostres seccions van participar en els actes que es programen per celebrar la primera Festa de la Ciutat, festa dedicada als infants, hi ha que Santa Eul\u00e0lia era una nena de 13 anys.<\/p>\n<p>El dia 11 a la tarda com \u00e9s tradicional l&#8217;Esbart Santa Eul\u00e0lia va representar 8 martiris que va patir la Santa amb quadres pl\u00e0stics al peu de la Catedral de Barcelona inici anse amb una fina pluja, per\u00f2 el grup de dansaires van portar a terme el ball.<\/p>\n<p><a href=\"http:\/\/blocs.xarxanet.org\/aipcc\/files\/2017\/02\/DSCF5078.jpg\" rel=\"attachment wp-att-737\"><img loading=\"lazy\" decoding=\"async\" class=\"aligncenter size-medium wp-image-737\" src=\"http:\/\/blocs.xarxanet.org\/aipcc\/files\/2017\/02\/DSCF5078-225x300.jpg\" alt=\"DSCF5078\" width=\"225\" height=\"300\" srcset=\"https:\/\/blocs.xarxanet.org\/aipcc\/files\/2017\/02\/DSCF5078-225x300.jpg 225w, https:\/\/blocs.xarxanet.org\/aipcc\/files\/2017\/02\/DSCF5078-768x1024.jpg 768w\" sizes=\"auto, (max-width: 225px) 100vw, 225px\" \/><\/a><\/p>\n<p><a href=\"http:\/\/blocs.xarxanet.org\/aipcc\/files\/2017\/02\/DSCF5071.jpg\" rel=\"attachment wp-att-738\"><img loading=\"lazy\" decoding=\"async\" class=\"alignleft size-thumbnail wp-image-738\" src=\"http:\/\/blocs.xarxanet.org\/aipcc\/files\/2017\/02\/DSCF5071-150x150.jpg\" alt=\"DSCF5071\" width=\"150\" height=\"150\" \/><\/a><a href=\"http:\/\/blocs.xarxanet.org\/aipcc\/files\/2017\/02\/DSCF5049.jpg\" rel=\"attachment wp-att-739\"><img loading=\"lazy\" decoding=\"async\" class=\"alignright size-thumbnail wp-image-739\" src=\"http:\/\/blocs.xarxanet.org\/aipcc\/files\/2017\/02\/DSCF5049-150x150.jpg\" alt=\"DSCF5049\" width=\"150\" height=\"150\" \/><\/a><\/p>\n","protected":false},"excerpt":{"rendered":"<p>Els dies 11\u00a0 de febrer les nostres seccions van participar en els actes que es programen per celebrar la primera Festa de la Ciutat, festa dedicada als infants, hi ha que Santa Eul\u00e0lia era una nena de 13 anys. El &hellip; <a href=\"https:\/\/blocs.xarxanet.org\/aipcc\/2017\/02\/15\/festes-de-santa-eulalia-2017\/\">Continue reading <span class=\"meta-nav\">&rarr;<\/span><\/a><\/p>\n","protected":false},"author":330,"featured_media":0,"comment_status":"open","ping_status":"open","sticky":false,"template":"","format":"standard","meta":{"footnotes":""},"categories":[1002,62671,62673],"tags":[],"class_list":["post-736","post","type-post","status-publish","format-standard","hentry","category-fotos","category-aipcc","category-ball-de-santa-eulalia"],"_links":{"self":[{"href":"https:\/\/blocs.xarxanet.org\/aipcc\/wp-json\/wp\/v2\/posts\/736","targetHints":{"allow":["GET"]}}],"collection":[{"href":"https:\/\/blocs.xarxanet.org\/aipcc\/wp-json\/wp\/v2\/posts"}],"about":[{"href":"https:\/\/blocs.xarxanet.org\/aipcc\/wp-json\/wp\/v2\/types\/post"}],"author":[{"embeddable":true,"href":"https:\/\/blocs.xarxanet.org\/aipcc\/wp-json\/wp\/v2\/users\/330"}],"replies":[{"embeddable":true,"href":"https:\/\/blocs.xarxanet.org\/aipcc\/wp-json\/wp\/v2\/comments?post=736"}],"version-history":[{"count":1,"href":"https:\/\/blocs.xarxanet.org\/aipcc\/wp-json\/wp\/v2\/posts\/736\/revisions"}],"predecessor-version":[{"id":740,"href":"https:\/\/blocs.xarxanet.org\/aipcc\/wp-json\/wp\/v2\/posts\/736\/revisions\/740"}],"wp:attachment":[{"href":"https:\/\/blocs.xarxanet.org\/aipcc\/wp-json\/wp\/v2\/media?parent=736"}],"wp:term":[{"taxonomy":"category","embeddable":true,"href":"https:\/\/blocs.xarxanet.org\/aipcc\/wp-json\/wp\/v2\/categories?post=736"},{"taxonomy":"post_tag","embeddable":true,"href":"https:\/\/blocs.xarxanet.org\/aipcc\/wp-json\/wp\/v2\/tags?post=736"}],"curies":[{"name":"wp","href":"https:\/\/api.w.org\/{rel}","templated":true}]}}