{"id":732,"date":"2017-02-09T05:23:15","date_gmt":"2017-02-09T05:23:15","guid":{"rendered":"http:\/\/blocs.xarxanet.org\/aipcc\/?p=732"},"modified":"2017-02-09T05:23:15","modified_gmt":"2017-02-09T05:23:15","slug":"bouets-i-la-vaqueta-del-raval","status":"publish","type":"post","link":"https:\/\/blocs.xarxanet.org\/aipcc\/2017\/02\/09\/bouets-i-la-vaqueta-del-raval\/","title":{"rendered":"Bouets i la Vaqueta del Raval"},"content":{"rendered":"<p>Ja estem, a les portes de Santa Eul\u00e0lia i els Bouets i la Vaqueta del Raval tamb\u00e9 estan preparats per anar a la trobada de gegants del diumenge dia 12 a les <span class=\"hiddenGrammarError\">10:30<\/span> estaran plantats a la pla\u00e7a Reial.<\/p>\n<p>Van estar quatre mesos al Taller de l&#8217;Alexandre (el Mussol) que els ha reestructurat per anar a les cercaviles que seran convidats, tamb\u00e9 estrenen vestuari, tot gr\u00e0cies al suport de Raval Cultural.<a href=\"http:\/\/blocs.xarxanet.org\/aipcc\/files\/2017\/02\/20170208_175436.jpg\" rel=\"attachment wp-att-733\"><img loading=\"lazy\" decoding=\"async\" class=\"aligncenter size-medium wp-image-733\" src=\"http:\/\/blocs.xarxanet.org\/aipcc\/files\/2017\/02\/20170208_175436-300x169.jpg\" alt=\"20170208_175436\" width=\"300\" height=\"169\" srcset=\"https:\/\/blocs.xarxanet.org\/aipcc\/files\/2017\/02\/20170208_175436-300x169.jpg 300w, https:\/\/blocs.xarxanet.org\/aipcc\/files\/2017\/02\/20170208_175436-768x432.jpg 768w, https:\/\/blocs.xarxanet.org\/aipcc\/files\/2017\/02\/20170208_175436-1024x576.jpg 1024w\" sizes=\"auto, (max-width: 300px) 100vw, 300px\" \/><\/a><a href=\"http:\/\/blocs.xarxanet.org\/aipcc\/files\/2017\/02\/festa-Sant-eulalia17.jpg\" rel=\"attachment wp-att-734\"><img loading=\"lazy\" decoding=\"async\" class=\"alignleft size-medium wp-image-734\" src=\"http:\/\/blocs.xarxanet.org\/aipcc\/files\/2017\/02\/festa-Sant-eulalia17-214x300.jpg\" alt=\"festa Sant eulalia17\" width=\"214\" height=\"300\" srcset=\"https:\/\/blocs.xarxanet.org\/aipcc\/files\/2017\/02\/festa-Sant-eulalia17-214x300.jpg 214w, https:\/\/blocs.xarxanet.org\/aipcc\/files\/2017\/02\/festa-Sant-eulalia17.jpg 480w\" sizes=\"auto, (max-width: 214px) 100vw, 214px\" \/><\/a><\/p>\n","protected":false},"excerpt":{"rendered":"<p>Ja estem, a les portes de Santa Eul\u00e0lia i els Bouets i la Vaqueta del Raval tamb\u00e9 estan preparats per anar a la trobada de gegants del diumenge dia 12 a les 10:30 estaran plantats a la pla\u00e7a Reial. Van &hellip; <a href=\"https:\/\/blocs.xarxanet.org\/aipcc\/2017\/02\/09\/bouets-i-la-vaqueta-del-raval\/\">Continue reading <span class=\"meta-nav\">&rarr;<\/span><\/a><\/p>\n","protected":false},"author":330,"featured_media":0,"comment_status":"open","ping_status":"open","sticky":false,"template":"","format":"standard","meta":{"footnotes":""},"categories":[1002,62671,61805,14],"tags":[],"class_list":["post-732","post","type-post","status-publish","format-standard","hentry","category-fotos","category-aipcc","category-bouets-i-la-vaqueta-del-raval","category-noticies"],"_links":{"self":[{"href":"https:\/\/blocs.xarxanet.org\/aipcc\/wp-json\/wp\/v2\/posts\/732","targetHints":{"allow":["GET"]}}],"collection":[{"href":"https:\/\/blocs.xarxanet.org\/aipcc\/wp-json\/wp\/v2\/posts"}],"about":[{"href":"https:\/\/blocs.xarxanet.org\/aipcc\/wp-json\/wp\/v2\/types\/post"}],"author":[{"embeddable":true,"href":"https:\/\/blocs.xarxanet.org\/aipcc\/wp-json\/wp\/v2\/users\/330"}],"replies":[{"embeddable":true,"href":"https:\/\/blocs.xarxanet.org\/aipcc\/wp-json\/wp\/v2\/comments?post=732"}],"version-history":[{"count":1,"href":"https:\/\/blocs.xarxanet.org\/aipcc\/wp-json\/wp\/v2\/posts\/732\/revisions"}],"predecessor-version":[{"id":735,"href":"https:\/\/blocs.xarxanet.org\/aipcc\/wp-json\/wp\/v2\/posts\/732\/revisions\/735"}],"wp:attachment":[{"href":"https:\/\/blocs.xarxanet.org\/aipcc\/wp-json\/wp\/v2\/media?parent=732"}],"wp:term":[{"taxonomy":"category","embeddable":true,"href":"https:\/\/blocs.xarxanet.org\/aipcc\/wp-json\/wp\/v2\/categories?post=732"},{"taxonomy":"post_tag","embeddable":true,"href":"https:\/\/blocs.xarxanet.org\/aipcc\/wp-json\/wp\/v2\/tags?post=732"}],"curies":[{"name":"wp","href":"https:\/\/api.w.org\/{rel}","templated":true}]}}