{"id":639,"date":"2016-10-09T17:19:58","date_gmt":"2016-10-09T17:19:58","guid":{"rendered":"http:\/\/blocs.xarxanet.org\/aipcc\/?p=639"},"modified":"2016-10-09T17:19:58","modified_gmt":"2016-10-09T17:19:58","slug":"mati-bastoner","status":"publish","type":"post","link":"https:\/\/blocs.xarxanet.org\/aipcc\/2016\/10\/09\/mati-bastoner\/","title":{"rendered":"Mati Bastoner"},"content":{"rendered":"<p>Dins de les Festes de la Merc\u00e8 hi ha un dia molt esperat per les colles Bastoneres de Barcelona, es el seu dia per poder gaudir de una cercavila de colors, picarols, musica, i com no el pica del Bast\u00f3. Iniciem amb una ballada al escenari de la pl. Sant Jaume i despr\u00e9s cercavila per el carrer Ferrant, Rambla fin a la pl. de la Merc\u00e8.<\/p>\n<p>Com cada any els Bastoners del Raval han participat en aquest esclat de cultura popular, el passat dia 25 de setembre.<\/p>\n<p><a href=\"http:\/\/blocs.xarxanet.org\/aipcc\/files\/2016\/10\/bastoners-1.jpg\" rel=\"attachment wp-att-640\"><img loading=\"lazy\" decoding=\"async\" class=\"aligncenter size-medium wp-image-640\" src=\"http:\/\/blocs.xarxanet.org\/aipcc\/files\/2016\/10\/bastoners-1-300x199.jpg\" alt=\"bastoners 1\" width=\"300\" height=\"199\" srcset=\"https:\/\/blocs.xarxanet.org\/aipcc\/files\/2016\/10\/bastoners-1-300x199.jpg 300w, https:\/\/blocs.xarxanet.org\/aipcc\/files\/2016\/10\/bastoners-1.jpg 476w\" sizes=\"auto, (max-width: 300px) 100vw, 300px\" \/><\/a><a href=\"http:\/\/blocs.xarxanet.org\/aipcc\/files\/2016\/10\/bastoners-4.jpg\" rel=\"attachment wp-att-641\"><img loading=\"lazy\" decoding=\"async\" class=\"alignleft size-medium wp-image-641\" src=\"http:\/\/blocs.xarxanet.org\/aipcc\/files\/2016\/10\/bastoners-4-300x199.jpg\" alt=\"bastoners 4\" width=\"300\" height=\"199\" srcset=\"https:\/\/blocs.xarxanet.org\/aipcc\/files\/2016\/10\/bastoners-4-300x199.jpg 300w, https:\/\/blocs.xarxanet.org\/aipcc\/files\/2016\/10\/bastoners-4-768x509.jpg 768w, https:\/\/blocs.xarxanet.org\/aipcc\/files\/2016\/10\/bastoners-4-1024x678.jpg 1024w, https:\/\/blocs.xarxanet.org\/aipcc\/files\/2016\/10\/bastoners-4.jpg 1087w\" sizes=\"auto, (max-width: 300px) 100vw, 300px\" \/><\/a><\/p>\n","protected":false},"excerpt":{"rendered":"<p>Dins de les Festes de la Merc\u00e8 hi ha un dia molt esperat per les colles Bastoneres de Barcelona, es el seu dia per poder gaudir de una cercavila de colors, picarols, musica, i com no el pica del Bast\u00f3. &hellip; <a href=\"https:\/\/blocs.xarxanet.org\/aipcc\/2016\/10\/09\/mati-bastoner\/\">Continue reading <span class=\"meta-nav\">&rarr;<\/span><\/a><\/p>\n","protected":false},"author":330,"featured_media":0,"comment_status":"open","ping_status":"open","sticky":false,"template":"","format":"standard","meta":{"footnotes":""},"categories":[1002,62671,61804],"tags":[],"class_list":["post-639","post","type-post","status-publish","format-standard","hentry","category-fotos","category-aipcc","category-bastoners-del-raval"],"_links":{"self":[{"href":"https:\/\/blocs.xarxanet.org\/aipcc\/wp-json\/wp\/v2\/posts\/639","targetHints":{"allow":["GET"]}}],"collection":[{"href":"https:\/\/blocs.xarxanet.org\/aipcc\/wp-json\/wp\/v2\/posts"}],"about":[{"href":"https:\/\/blocs.xarxanet.org\/aipcc\/wp-json\/wp\/v2\/types\/post"}],"author":[{"embeddable":true,"href":"https:\/\/blocs.xarxanet.org\/aipcc\/wp-json\/wp\/v2\/users\/330"}],"replies":[{"embeddable":true,"href":"https:\/\/blocs.xarxanet.org\/aipcc\/wp-json\/wp\/v2\/comments?post=639"}],"version-history":[{"count":1,"href":"https:\/\/blocs.xarxanet.org\/aipcc\/wp-json\/wp\/v2\/posts\/639\/revisions"}],"predecessor-version":[{"id":642,"href":"https:\/\/blocs.xarxanet.org\/aipcc\/wp-json\/wp\/v2\/posts\/639\/revisions\/642"}],"wp:attachment":[{"href":"https:\/\/blocs.xarxanet.org\/aipcc\/wp-json\/wp\/v2\/media?parent=639"}],"wp:term":[{"taxonomy":"category","embeddable":true,"href":"https:\/\/blocs.xarxanet.org\/aipcc\/wp-json\/wp\/v2\/categories?post=639"},{"taxonomy":"post_tag","embeddable":true,"href":"https:\/\/blocs.xarxanet.org\/aipcc\/wp-json\/wp\/v2\/tags?post=639"}],"curies":[{"name":"wp","href":"https:\/\/api.w.org\/{rel}","templated":true}]}}