{"id":613,"date":"2016-10-07T10:00:56","date_gmt":"2016-10-07T10:00:56","guid":{"rendered":"http:\/\/blocs.xarxanet.org\/aipcc\/?p=613"},"modified":"2016-10-07T12:33:44","modified_gmt":"2016-10-07T12:33:44","slug":"bastoners-del-raval-aniversari-la-principal","status":"publish","type":"post","link":"https:\/\/blocs.xarxanet.org\/aipcc\/2016\/10\/07\/bastoners-del-raval-aniversari-la-principal\/","title":{"rendered":"Bastoners del Raval aniversari La Principal"},"content":{"rendered":"<p>El passat dia 18 de setembre els Bastoners del Raval van participar als 99 anys del Bar La Principal, han una festa de Cultura Popular i\u00a0 festa re-indicativa.<\/p>\n<p>Despr\u00e9s de la demostraci\u00f3 de balls que van oferir las colles, els propietaris del bar van celebrar el vermut solidari per tots els participants i ve\u00efns que els van acompanyar, omplin la pla\u00e7a Goya de un p\u00edcnic, la millor demostraci\u00f3 de recuperem pla\u00e7a, no podia estar millor representada,FELICITATS LA PRINCIPAL.<\/p>\n<p><a href=\"http:\/\/blocs.xarxanet.org\/aipcc\/files\/2016\/10\/bastoners-2.jpg\" rel=\"attachment wp-att-625\"><img loading=\"lazy\" decoding=\"async\" class=\"alignleft size-medium wp-image-625\" src=\"http:\/\/blocs.xarxanet.org\/aipcc\/files\/2016\/10\/bastoners-2-300x169.jpg\" alt=\"bastoners 2\" width=\"300\" height=\"169\" srcset=\"https:\/\/blocs.xarxanet.org\/aipcc\/files\/2016\/10\/bastoners-2-300x169.jpg 300w, https:\/\/blocs.xarxanet.org\/aipcc\/files\/2016\/10\/bastoners-2-768x432.jpg 768w, https:\/\/blocs.xarxanet.org\/aipcc\/files\/2016\/10\/bastoners-2-1024x576.jpg 1024w, https:\/\/blocs.xarxanet.org\/aipcc\/files\/2016\/10\/bastoners-2.jpg 2048w\" sizes=\"auto, (max-width: 300px) 100vw, 300px\" \/><\/a><a href=\"http:\/\/blocs.xarxanet.org\/aipcc\/files\/2016\/10\/bastoners-3.jpg\" rel=\"attachment wp-att-627\"><img loading=\"lazy\" decoding=\"async\" class=\"aligncenter size-medium wp-image-627\" src=\"http:\/\/blocs.xarxanet.org\/aipcc\/files\/2016\/10\/bastoners-3-300x169.jpg\" alt=\"bastoners 3\" width=\"300\" height=\"169\" srcset=\"https:\/\/blocs.xarxanet.org\/aipcc\/files\/2016\/10\/bastoners-3-300x169.jpg 300w, https:\/\/blocs.xarxanet.org\/aipcc\/files\/2016\/10\/bastoners-3-768x432.jpg 768w, https:\/\/blocs.xarxanet.org\/aipcc\/files\/2016\/10\/bastoners-3-1024x576.jpg 1024w, https:\/\/blocs.xarxanet.org\/aipcc\/files\/2016\/10\/bastoners-3.jpg 2048w\" sizes=\"auto, (max-width: 300px) 100vw, 300px\" \/><\/a><\/p>\n<p>&nbsp;<\/p>\n<p>&nbsp;<\/p>\n","protected":false},"excerpt":{"rendered":"<p>El passat dia 18 de setembre els Bastoners del Raval van participar als 99 anys del Bar La Principal, han una festa de Cultura Popular i\u00a0 festa re-indicativa. Despr\u00e9s de la demostraci\u00f3 de balls que van oferir las colles, els &hellip; <a href=\"https:\/\/blocs.xarxanet.org\/aipcc\/2016\/10\/07\/bastoners-del-raval-aniversari-la-principal\/\">Continue reading <span class=\"meta-nav\">&rarr;<\/span><\/a><\/p>\n","protected":false},"author":330,"featured_media":0,"comment_status":"open","ping_status":"open","sticky":false,"template":"","format":"standard","meta":{"footnotes":""},"categories":[62671,61804],"tags":[],"class_list":["post-613","post","type-post","status-publish","format-standard","hentry","category-aipcc","category-bastoners-del-raval"],"_links":{"self":[{"href":"https:\/\/blocs.xarxanet.org\/aipcc\/wp-json\/wp\/v2\/posts\/613","targetHints":{"allow":["GET"]}}],"collection":[{"href":"https:\/\/blocs.xarxanet.org\/aipcc\/wp-json\/wp\/v2\/posts"}],"about":[{"href":"https:\/\/blocs.xarxanet.org\/aipcc\/wp-json\/wp\/v2\/types\/post"}],"author":[{"embeddable":true,"href":"https:\/\/blocs.xarxanet.org\/aipcc\/wp-json\/wp\/v2\/users\/330"}],"replies":[{"embeddable":true,"href":"https:\/\/blocs.xarxanet.org\/aipcc\/wp-json\/wp\/v2\/comments?post=613"}],"version-history":[{"count":4,"href":"https:\/\/blocs.xarxanet.org\/aipcc\/wp-json\/wp\/v2\/posts\/613\/revisions"}],"predecessor-version":[{"id":628,"href":"https:\/\/blocs.xarxanet.org\/aipcc\/wp-json\/wp\/v2\/posts\/613\/revisions\/628"}],"wp:attachment":[{"href":"https:\/\/blocs.xarxanet.org\/aipcc\/wp-json\/wp\/v2\/media?parent=613"}],"wp:term":[{"taxonomy":"category","embeddable":true,"href":"https:\/\/blocs.xarxanet.org\/aipcc\/wp-json\/wp\/v2\/categories?post=613"},{"taxonomy":"post_tag","embeddable":true,"href":"https:\/\/blocs.xarxanet.org\/aipcc\/wp-json\/wp\/v2\/tags?post=613"}],"curies":[{"name":"wp","href":"https:\/\/api.w.org\/{rel}","templated":true}]}}