{"id":568,"date":"2016-07-29T16:57:09","date_gmt":"2016-07-29T16:57:09","guid":{"rendered":"http:\/\/blocs.xarxanet.org\/aipcc\/?p=568"},"modified":"2016-07-29T16:57:41","modified_gmt":"2016-07-29T16:57:41","slug":"125e-aniversari-del-naixement-de-joan-amades","status":"publish","type":"post","link":"https:\/\/blocs.xarxanet.org\/aipcc\/2016\/07\/29\/125e-aniversari-del-naixement-de-joan-amades\/","title":{"rendered":"125\u00e8 Aniversari del Naixement de Joan Amades"},"content":{"rendered":"<p>El passat dia 23 de juliol a les 12h. al Museu Etnol\u00f2gic-Museu de Cultures del M\u00f3n de Barcelona c\/. Montcada 12-14 de Barcelona.<\/p>\n<p>Es va celebrar l&#8217;any 2015\u00a0 dedicat a Joan Amades tancant el l&#8217;any dit dia que va ser el dia que va n\u00e0ixer. Una festa emotiva en el seu record, hi ha que es van llegir fets que ell va escriure en el seu recorregut per les terres catalanes en recerca de las tradicions, tamb\u00e9 musiques, can\u00e7ons.<\/p>\n<p>Conduit per Jaume Bernodet, fent lectura de totes les activitats que es van celebrar durant tot el any 2015 i part del 2016, el Raval van tindre dos exposicions de Joan Amades, al Casal de Barri Folch i Torres.<\/p>\n<p>&#8221; Joan Amades del Raval a l&#8217;eternitat&#8221; el dia d&#8217;inauguraci\u00f3 es va celebrar una conferencia amb el Sr. Amadeu Carb\u00f3 i la de &#8220;Mem\u00f2ria de un Poble&#8221; tamb\u00e9 amb conferencia del Sr. amadeu Carb\u00f3 amb el tema &#8221; Joan Amades, crits, can\u00e7ons, rondalles que ens diuen com som i com voldr\u00edem ser&#8221;.<\/p>\n<p><a href=\"http:\/\/blocs.xarxanet.org\/aipcc\/files\/2016\/07\/20160723_122903.jpg\" rel=\"attachment wp-att-569\"><img loading=\"lazy\" decoding=\"async\" class=\"alignleft size-medium wp-image-569\" src=\"http:\/\/blocs.xarxanet.org\/aipcc\/files\/2016\/07\/20160723_122903-300x169.jpg\" alt=\"20160723_122903\" width=\"300\" height=\"169\" srcset=\"https:\/\/blocs.xarxanet.org\/aipcc\/files\/2016\/07\/20160723_122903-300x169.jpg 300w, https:\/\/blocs.xarxanet.org\/aipcc\/files\/2016\/07\/20160723_122903-768x432.jpg 768w, https:\/\/blocs.xarxanet.org\/aipcc\/files\/2016\/07\/20160723_122903-1024x576.jpg 1024w\" sizes=\"auto, (max-width: 300px) 100vw, 300px\" \/><\/a><a href=\"http:\/\/blocs.xarxanet.org\/aipcc\/files\/2016\/07\/20160723_124021.jpg\" rel=\"attachment wp-att-570\"><img loading=\"lazy\" decoding=\"async\" class=\"aligncenter size-medium wp-image-570\" src=\"http:\/\/blocs.xarxanet.org\/aipcc\/files\/2016\/07\/20160723_124021-300x169.jpg\" alt=\"20160723_124021\" width=\"300\" height=\"169\" srcset=\"https:\/\/blocs.xarxanet.org\/aipcc\/files\/2016\/07\/20160723_124021-300x169.jpg 300w, https:\/\/blocs.xarxanet.org\/aipcc\/files\/2016\/07\/20160723_124021-768x432.jpg 768w, https:\/\/blocs.xarxanet.org\/aipcc\/files\/2016\/07\/20160723_124021-1024x576.jpg 1024w\" sizes=\"auto, (max-width: 300px) 100vw, 300px\" \/><\/a><a href=\"http:\/\/blocs.xarxanet.org\/aipcc\/files\/2016\/07\/20160723_124518.jpg\" rel=\"attachment wp-att-571\"><img loading=\"lazy\" decoding=\"async\" class=\"alignleft size-medium wp-image-571\" src=\"http:\/\/blocs.xarxanet.org\/aipcc\/files\/2016\/07\/20160723_124518-300x169.jpg\" alt=\"20160723_124518\" width=\"300\" height=\"169\" srcset=\"https:\/\/blocs.xarxanet.org\/aipcc\/files\/2016\/07\/20160723_124518-300x169.jpg 300w, https:\/\/blocs.xarxanet.org\/aipcc\/files\/2016\/07\/20160723_124518-768x432.jpg 768w, https:\/\/blocs.xarxanet.org\/aipcc\/files\/2016\/07\/20160723_124518-1024x576.jpg 1024w\" sizes=\"auto, (max-width: 300px) 100vw, 300px\" \/><\/a><a href=\"http:\/\/blocs.xarxanet.org\/aipcc\/files\/2016\/07\/cloenda-125-anys-Amades-2.jpg\" rel=\"attachment wp-att-572\"><img loading=\"lazy\" decoding=\"async\" class=\"aligncenter size-medium wp-image-572\" src=\"http:\/\/blocs.xarxanet.org\/aipcc\/files\/2016\/07\/cloenda-125-anys-Amades-2-300x200.jpg\" alt=\"cloenda 125 anys Amades 2\" width=\"300\" height=\"200\" srcset=\"https:\/\/blocs.xarxanet.org\/aipcc\/files\/2016\/07\/cloenda-125-anys-Amades-2-300x200.jpg 300w, https:\/\/blocs.xarxanet.org\/aipcc\/files\/2016\/07\/cloenda-125-anys-Amades-2-768x512.jpg 768w, https:\/\/blocs.xarxanet.org\/aipcc\/files\/2016\/07\/cloenda-125-anys-Amades-2-1024x682.jpg 1024w, https:\/\/blocs.xarxanet.org\/aipcc\/files\/2016\/07\/cloenda-125-anys-Amades-2.jpg 1370w\" sizes=\"auto, (max-width: 300px) 100vw, 300px\" \/><\/a><\/p>\n","protected":false},"excerpt":{"rendered":"<p>El passat dia 23 de juliol a les 12h. al Museu Etnol\u00f2gic-Museu de Cultures del M\u00f3n de Barcelona c\/. Montcada 12-14 de Barcelona. Es va celebrar l&#8217;any 2015\u00a0 dedicat a Joan Amades tancant el l&#8217;any dit dia que va ser &hellip; <a href=\"https:\/\/blocs.xarxanet.org\/aipcc\/2016\/07\/29\/125e-aniversari-del-naixement-de-joan-amades\/\">Continue reading <span class=\"meta-nav\">&rarr;<\/span><\/a><\/p>\n","protected":false},"author":330,"featured_media":0,"comment_status":"open","ping_status":"open","sticky":false,"template":"","format":"standard","meta":{"footnotes":""},"categories":[1002,62671,14],"tags":[],"class_list":["post-568","post","type-post","status-publish","format-standard","hentry","category-fotos","category-aipcc","category-noticies"],"_links":{"self":[{"href":"https:\/\/blocs.xarxanet.org\/aipcc\/wp-json\/wp\/v2\/posts\/568","targetHints":{"allow":["GET"]}}],"collection":[{"href":"https:\/\/blocs.xarxanet.org\/aipcc\/wp-json\/wp\/v2\/posts"}],"about":[{"href":"https:\/\/blocs.xarxanet.org\/aipcc\/wp-json\/wp\/v2\/types\/post"}],"author":[{"embeddable":true,"href":"https:\/\/blocs.xarxanet.org\/aipcc\/wp-json\/wp\/v2\/users\/330"}],"replies":[{"embeddable":true,"href":"https:\/\/blocs.xarxanet.org\/aipcc\/wp-json\/wp\/v2\/comments?post=568"}],"version-history":[{"count":1,"href":"https:\/\/blocs.xarxanet.org\/aipcc\/wp-json\/wp\/v2\/posts\/568\/revisions"}],"predecessor-version":[{"id":573,"href":"https:\/\/blocs.xarxanet.org\/aipcc\/wp-json\/wp\/v2\/posts\/568\/revisions\/573"}],"wp:attachment":[{"href":"https:\/\/blocs.xarxanet.org\/aipcc\/wp-json\/wp\/v2\/media?parent=568"}],"wp:term":[{"taxonomy":"category","embeddable":true,"href":"https:\/\/blocs.xarxanet.org\/aipcc\/wp-json\/wp\/v2\/categories?post=568"},{"taxonomy":"post_tag","embeddable":true,"href":"https:\/\/blocs.xarxanet.org\/aipcc\/wp-json\/wp\/v2\/tags?post=568"}],"curies":[{"name":"wp","href":"https:\/\/api.w.org\/{rel}","templated":true}]}}