{"id":3234,"date":"2026-04-30T18:02:17","date_gmt":"2026-04-30T18:02:17","guid":{"rendered":"https:\/\/blocs.xarxanet.org\/aipcc\/?p=3234"},"modified":"2026-04-30T18:02:17","modified_gmt":"2026-04-30T18:02:17","slug":"xarrada-al-casal-de-barri-del-raval","status":"publish","type":"post","link":"https:\/\/blocs.xarxanet.org\/aipcc\/2026\/04\/30\/xarrada-al-casal-de-barri-del-raval\/","title":{"rendered":"Xarrada al Casal de Barri del Raval"},"content":{"rendered":"<p>Avui dia 30 d&#8217;abril al migdia al Casal de Barri del Raval ha tingut la visita d&#8217;un grupet de persones que estan al Centre del Mil\u00b7lenari del Raval, per visitar l&#8217;exposici\u00f3 dels Capgrossos que est\u00e0 esposada, amb xarrada de qui representaven i com es van construir, despr\u00e9s es van passar v\u00eddeos de cultura popular i de les activitats que desenvolupem a l&#8217;Associaci\u00f3 Institut de Promoci\u00f3 de la Cultura Catal\u00e0.<a href=\"http:\/\/blocs.xarxanet.org\/aipcc\/files\/2026\/04\/xarrada-caps-melinari-30-4-26.jpg\"><img loading=\"lazy\" decoding=\"async\" class=\"alignright size-medium wp-image-3235\" src=\"http:\/\/blocs.xarxanet.org\/aipcc\/files\/2026\/04\/xarrada-caps-melinari-30-4-26-300x226.jpg\" alt=\"\" width=\"300\" height=\"226\" srcset=\"https:\/\/blocs.xarxanet.org\/aipcc\/files\/2026\/04\/xarrada-caps-melinari-30-4-26-300x226.jpg 300w, https:\/\/blocs.xarxanet.org\/aipcc\/files\/2026\/04\/xarrada-caps-melinari-30-4-26-1024x771.jpg 1024w, https:\/\/blocs.xarxanet.org\/aipcc\/files\/2026\/04\/xarrada-caps-melinari-30-4-26-768x578.jpg 768w, https:\/\/blocs.xarxanet.org\/aipcc\/files\/2026\/04\/xarrada-caps-melinari-30-4-26-1536x1157.jpg 1536w, https:\/\/blocs.xarxanet.org\/aipcc\/files\/2026\/04\/xarrada-caps-melinari-30-4-26.jpg 2040w\" sizes=\"auto, (max-width: 300px) 100vw, 300px\" \/><\/a><a href=\"http:\/\/blocs.xarxanet.org\/aipcc\/files\/2026\/04\/milinari-2.jpg\"><img loading=\"lazy\" decoding=\"async\" class=\"alignleft size-medium wp-image-3236\" src=\"http:\/\/blocs.xarxanet.org\/aipcc\/files\/2026\/04\/milinari-2-300x226.jpg\" alt=\"\" width=\"300\" height=\"226\" srcset=\"https:\/\/blocs.xarxanet.org\/aipcc\/files\/2026\/04\/milinari-2-300x226.jpg 300w, https:\/\/blocs.xarxanet.org\/aipcc\/files\/2026\/04\/milinari-2-1024x771.jpg 1024w, https:\/\/blocs.xarxanet.org\/aipcc\/files\/2026\/04\/milinari-2-768x578.jpg 768w, https:\/\/blocs.xarxanet.org\/aipcc\/files\/2026\/04\/milinari-2-1536x1157.jpg 1536w, https:\/\/blocs.xarxanet.org\/aipcc\/files\/2026\/04\/milinari-2.jpg 2040w\" sizes=\"auto, (max-width: 300px) 100vw, 300px\" \/><\/a><a href=\"http:\/\/blocs.xarxanet.org\/aipcc\/files\/2026\/04\/menilari.jpg\"><img loading=\"lazy\" decoding=\"async\" class=\"alignright size-medium wp-image-3237\" src=\"http:\/\/blocs.xarxanet.org\/aipcc\/files\/2026\/04\/menilari-300x226.jpg\" alt=\"\" width=\"300\" height=\"226\" srcset=\"https:\/\/blocs.xarxanet.org\/aipcc\/files\/2026\/04\/menilari-300x226.jpg 300w, https:\/\/blocs.xarxanet.org\/aipcc\/files\/2026\/04\/menilari-1024x771.jpg 1024w, https:\/\/blocs.xarxanet.org\/aipcc\/files\/2026\/04\/menilari-768x578.jpg 768w, https:\/\/blocs.xarxanet.org\/aipcc\/files\/2026\/04\/menilari-1536x1157.jpg 1536w, https:\/\/blocs.xarxanet.org\/aipcc\/files\/2026\/04\/menilari.jpg 2040w\" sizes=\"auto, (max-width: 300px) 100vw, 300px\" \/><\/a><a href=\"http:\/\/blocs.xarxanet.org\/aipcc\/files\/2026\/04\/melinari-1.jpg\"><img loading=\"lazy\" decoding=\"async\" class=\"alignleft size-medium wp-image-3238\" src=\"http:\/\/blocs.xarxanet.org\/aipcc\/files\/2026\/04\/melinari-1-300x226.jpg\" alt=\"\" width=\"300\" height=\"226\" srcset=\"https:\/\/blocs.xarxanet.org\/aipcc\/files\/2026\/04\/melinari-1-300x226.jpg 300w, https:\/\/blocs.xarxanet.org\/aipcc\/files\/2026\/04\/melinari-1-1024x771.jpg 1024w, https:\/\/blocs.xarxanet.org\/aipcc\/files\/2026\/04\/melinari-1-768x578.jpg 768w, https:\/\/blocs.xarxanet.org\/aipcc\/files\/2026\/04\/melinari-1-1536x1157.jpg 1536w, https:\/\/blocs.xarxanet.org\/aipcc\/files\/2026\/04\/melinari-1.jpg 2040w\" sizes=\"auto, (max-width: 300px) 100vw, 300px\" \/><\/a><\/p>\n","protected":false},"excerpt":{"rendered":"<p>Avui dia 30 d&#8217;abril al migdia al Casal de Barri del Raval ha tingut la visita d&#8217;un grupet de persones que estan al Centre del Mil\u00b7lenari del Raval, per visitar l&#8217;exposici\u00f3 dels Capgrossos que est\u00e0 esposada, amb xarrada de qui &hellip; <a href=\"https:\/\/blocs.xarxanet.org\/aipcc\/2026\/04\/30\/xarrada-al-casal-de-barri-del-raval\/\">Continue reading <span class=\"meta-nav\">&rarr;<\/span><\/a><\/p>\n","protected":false},"author":330,"featured_media":0,"comment_status":"open","ping_status":"open","sticky":false,"template":"","format":"standard","meta":{"footnotes":""},"categories":[1002,62671,14],"tags":[],"class_list":["post-3234","post","type-post","status-publish","format-standard","hentry","category-fotos","category-aipcc","category-noticies"],"_links":{"self":[{"href":"https:\/\/blocs.xarxanet.org\/aipcc\/wp-json\/wp\/v2\/posts\/3234","targetHints":{"allow":["GET"]}}],"collection":[{"href":"https:\/\/blocs.xarxanet.org\/aipcc\/wp-json\/wp\/v2\/posts"}],"about":[{"href":"https:\/\/blocs.xarxanet.org\/aipcc\/wp-json\/wp\/v2\/types\/post"}],"author":[{"embeddable":true,"href":"https:\/\/blocs.xarxanet.org\/aipcc\/wp-json\/wp\/v2\/users\/330"}],"replies":[{"embeddable":true,"href":"https:\/\/blocs.xarxanet.org\/aipcc\/wp-json\/wp\/v2\/comments?post=3234"}],"version-history":[{"count":1,"href":"https:\/\/blocs.xarxanet.org\/aipcc\/wp-json\/wp\/v2\/posts\/3234\/revisions"}],"predecessor-version":[{"id":3239,"href":"https:\/\/blocs.xarxanet.org\/aipcc\/wp-json\/wp\/v2\/posts\/3234\/revisions\/3239"}],"wp:attachment":[{"href":"https:\/\/blocs.xarxanet.org\/aipcc\/wp-json\/wp\/v2\/media?parent=3234"}],"wp:term":[{"taxonomy":"category","embeddable":true,"href":"https:\/\/blocs.xarxanet.org\/aipcc\/wp-json\/wp\/v2\/categories?post=3234"},{"taxonomy":"post_tag","embeddable":true,"href":"https:\/\/blocs.xarxanet.org\/aipcc\/wp-json\/wp\/v2\/tags?post=3234"}],"curies":[{"name":"wp","href":"https:\/\/api.w.org\/{rel}","templated":true}]}}