{"id":3229,"date":"2026-04-29T12:39:08","date_gmt":"2026-04-29T12:39:08","guid":{"rendered":"https:\/\/blocs.xarxanet.org\/aipcc\/?p=3229"},"modified":"2026-04-29T12:39:08","modified_gmt":"2026-04-29T12:39:08","slug":"diada-de-sant-jordi","status":"publish","type":"post","link":"https:\/\/blocs.xarxanet.org\/aipcc\/2026\/04\/29\/diada-de-sant-jordi\/","title":{"rendered":"Diada de Sant Jordi"},"content":{"rendered":"<p>Aquest any la Diada de Sant Jordi va ser espl\u00e8ndida ll\u00e0stima de les flors del Pl\u00e0tan, la colla del grup Mon Raval va fer el seu concert de can\u00e7\u00f3 catalana i aquest any van iniciar una estona de literatura, fins al 2027.<br \/>\n@totraval #culturapopular #raval<a href=\"http:\/\/blocs.xarxanet.org\/aipcc\/files\/2026\/04\/S-JORDI-3.jpg\"><img loading=\"lazy\" decoding=\"async\" class=\"alignleft size-medium wp-image-3230\" src=\"http:\/\/blocs.xarxanet.org\/aipcc\/files\/2026\/04\/S-JORDI-3-300x225.jpg\" alt=\"\" width=\"300\" height=\"225\" srcset=\"https:\/\/blocs.xarxanet.org\/aipcc\/files\/2026\/04\/S-JORDI-3-300x225.jpg 300w, https:\/\/blocs.xarxanet.org\/aipcc\/files\/2026\/04\/S-JORDI-3-1024x768.jpg 1024w, https:\/\/blocs.xarxanet.org\/aipcc\/files\/2026\/04\/S-JORDI-3-768x576.jpg 768w, https:\/\/blocs.xarxanet.org\/aipcc\/files\/2026\/04\/S-JORDI-3-1536x1152.jpg 1536w, https:\/\/blocs.xarxanet.org\/aipcc\/files\/2026\/04\/S-JORDI-3.jpg 1600w\" sizes=\"auto, (max-width: 300px) 100vw, 300px\" \/><\/a><a href=\"http:\/\/blocs.xarxanet.org\/aipcc\/files\/2026\/04\/S-JORDI-1.jpg\"><img loading=\"lazy\" decoding=\"async\" class=\"alignright size-medium wp-image-3231\" src=\"http:\/\/blocs.xarxanet.org\/aipcc\/files\/2026\/04\/S-JORDI-1-300x226.jpg\" alt=\"\" width=\"300\" height=\"226\" srcset=\"https:\/\/blocs.xarxanet.org\/aipcc\/files\/2026\/04\/S-JORDI-1-300x226.jpg 300w, https:\/\/blocs.xarxanet.org\/aipcc\/files\/2026\/04\/S-JORDI-1-1024x771.jpg 1024w, https:\/\/blocs.xarxanet.org\/aipcc\/files\/2026\/04\/S-JORDI-1-768x578.jpg 768w, https:\/\/blocs.xarxanet.org\/aipcc\/files\/2026\/04\/S-JORDI-1-1536x1157.jpg 1536w, https:\/\/blocs.xarxanet.org\/aipcc\/files\/2026\/04\/S-JORDI-1.jpg 2040w\" sizes=\"auto, (max-width: 300px) 100vw, 300px\" \/><\/a><a href=\"http:\/\/blocs.xarxanet.org\/aipcc\/files\/2026\/04\/S.-JORDI.jpg\"><img loading=\"lazy\" decoding=\"async\" class=\"alignleft size-medium wp-image-3232\" src=\"http:\/\/blocs.xarxanet.org\/aipcc\/files\/2026\/04\/S.-JORDI-300x226.jpg\" alt=\"\" width=\"300\" height=\"226\" srcset=\"https:\/\/blocs.xarxanet.org\/aipcc\/files\/2026\/04\/S.-JORDI-300x226.jpg 300w, https:\/\/blocs.xarxanet.org\/aipcc\/files\/2026\/04\/S.-JORDI-1024x771.jpg 1024w, https:\/\/blocs.xarxanet.org\/aipcc\/files\/2026\/04\/S.-JORDI-768x578.jpg 768w, https:\/\/blocs.xarxanet.org\/aipcc\/files\/2026\/04\/S.-JORDI-1536x1157.jpg 1536w, https:\/\/blocs.xarxanet.org\/aipcc\/files\/2026\/04\/S.-JORDI.jpg 2040w\" sizes=\"auto, (max-width: 300px) 100vw, 300px\" \/><\/a><\/p>\n","protected":false},"excerpt":{"rendered":"<p>Aquest any la Diada de Sant Jordi va ser espl\u00e8ndida ll\u00e0stima de les flors del Pl\u00e0tan, la colla del grup Mon Raval va fer el seu concert de can\u00e7\u00f3 catalana i aquest any van iniciar una estona de literatura, fins &hellip; <a href=\"https:\/\/blocs.xarxanet.org\/aipcc\/2026\/04\/29\/diada-de-sant-jordi\/\">Continue reading <span class=\"meta-nav\">&rarr;<\/span><\/a><\/p>\n","protected":false},"author":330,"featured_media":0,"comment_status":"open","ping_status":"open","sticky":false,"template":"","format":"standard","meta":{"footnotes":""},"categories":[1002,62671,61805,62674,14],"tags":[],"class_list":["post-3229","post","type-post","status-publish","format-standard","hentry","category-fotos","category-aipcc","category-bouets-i-la-vaqueta-del-raval","category-mon-raval","category-noticies"],"_links":{"self":[{"href":"https:\/\/blocs.xarxanet.org\/aipcc\/wp-json\/wp\/v2\/posts\/3229","targetHints":{"allow":["GET"]}}],"collection":[{"href":"https:\/\/blocs.xarxanet.org\/aipcc\/wp-json\/wp\/v2\/posts"}],"about":[{"href":"https:\/\/blocs.xarxanet.org\/aipcc\/wp-json\/wp\/v2\/types\/post"}],"author":[{"embeddable":true,"href":"https:\/\/blocs.xarxanet.org\/aipcc\/wp-json\/wp\/v2\/users\/330"}],"replies":[{"embeddable":true,"href":"https:\/\/blocs.xarxanet.org\/aipcc\/wp-json\/wp\/v2\/comments?post=3229"}],"version-history":[{"count":1,"href":"https:\/\/blocs.xarxanet.org\/aipcc\/wp-json\/wp\/v2\/posts\/3229\/revisions"}],"predecessor-version":[{"id":3233,"href":"https:\/\/blocs.xarxanet.org\/aipcc\/wp-json\/wp\/v2\/posts\/3229\/revisions\/3233"}],"wp:attachment":[{"href":"https:\/\/blocs.xarxanet.org\/aipcc\/wp-json\/wp\/v2\/media?parent=3229"}],"wp:term":[{"taxonomy":"category","embeddable":true,"href":"https:\/\/blocs.xarxanet.org\/aipcc\/wp-json\/wp\/v2\/categories?post=3229"},{"taxonomy":"post_tag","embeddable":true,"href":"https:\/\/blocs.xarxanet.org\/aipcc\/wp-json\/wp\/v2\/tags?post=3229"}],"curies":[{"name":"wp","href":"https:\/\/api.w.org\/{rel}","templated":true}]}}