{"id":3160,"date":"2026-02-08T11:14:08","date_gmt":"2026-02-08T11:14:08","guid":{"rendered":"https:\/\/blocs.xarxanet.org\/aipcc\/?p=3160"},"modified":"2026-02-09T20:18:59","modified_gmt":"2026-02-09T20:18:59","slug":"festes-santa-eulalia-2026","status":"publish","type":"post","link":"https:\/\/blocs.xarxanet.org\/aipcc\/2026\/02\/08\/festes-santa-eulalia-2026\/","title":{"rendered":"Festes Santa Eulalia 2026"},"content":{"rendered":"<p data-pm-slice=\"1 1 []\">El dia 14 de febrer l&#8217;Esbart Santa Eul\u00e0lia com cada any estar\u00e0 a la pl. de la Catedral amb la representaci\u00f3 dels Martiris de la Santa, us esperem.<\/p>\n<p><a href=\"http:\/\/blocs.xarxanet.org\/aipcc\/files\/2026\/02\/ball-santa-eulalia-rev.jpeg\"><img loading=\"lazy\" decoding=\"async\" class=\"aligncenter size-medium wp-image-3167\" src=\"http:\/\/blocs.xarxanet.org\/aipcc\/files\/2026\/02\/ball-santa-eulalia-rev-218x300.jpeg\" alt=\"\" width=\"218\" height=\"300\" srcset=\"https:\/\/blocs.xarxanet.org\/aipcc\/files\/2026\/02\/ball-santa-eulalia-rev-218x300.jpeg 218w, https:\/\/blocs.xarxanet.org\/aipcc\/files\/2026\/02\/ball-santa-eulalia-rev-745x1024.jpeg 745w, https:\/\/blocs.xarxanet.org\/aipcc\/files\/2026\/02\/ball-santa-eulalia-rev-768x1056.jpeg 768w, https:\/\/blocs.xarxanet.org\/aipcc\/files\/2026\/02\/ball-santa-eulalia-rev-1117x1536.jpeg 1117w, https:\/\/blocs.xarxanet.org\/aipcc\/files\/2026\/02\/ball-santa-eulalia-rev.jpeg 1342w\" sizes=\"auto, (max-width: 218px) 100vw, 218px\" \/><\/a><\/p>\n<p data-pm-slice=\"1 1 []\">\n<p>&nbsp;<\/p>\n<p>El dia 15 de febrer els bouets i la Vaqueta del Raval estan convidats per la cercavila de Gegants, que estaran plantats al pl. de la Catedral i finalitzant a la pl. Sant Jaume.<\/p>\n<p><a href=\"http:\/\/blocs.xarxanet.org\/aipcc\/files\/2026\/02\/bouets.jpeg\"><img loading=\"lazy\" decoding=\"async\" class=\"aligncenter size-medium wp-image-3162\" src=\"http:\/\/blocs.xarxanet.org\/aipcc\/files\/2026\/02\/bouets-233x300.jpeg\" alt=\"\" width=\"233\" height=\"300\" srcset=\"https:\/\/blocs.xarxanet.org\/aipcc\/files\/2026\/02\/bouets-233x300.jpeg 233w, https:\/\/blocs.xarxanet.org\/aipcc\/files\/2026\/02\/bouets-796x1024.jpeg 796w, https:\/\/blocs.xarxanet.org\/aipcc\/files\/2026\/02\/bouets-768x988.jpeg 768w, https:\/\/blocs.xarxanet.org\/aipcc\/files\/2026\/02\/bouets-1194x1536.jpeg 1194w, https:\/\/blocs.xarxanet.org\/aipcc\/files\/2026\/02\/bouets.jpeg 1397w\" sizes=\"auto, (max-width: 233px) 100vw, 233px\" \/><\/a><\/p>\n","protected":false},"excerpt":{"rendered":"<p>El dia 14 de febrer l&#8217;Esbart Santa Eul\u00e0lia com cada any estar\u00e0 a la pl. de la Catedral amb la representaci\u00f3 dels Martiris de la Santa, us esperem. &nbsp; El dia 15 de febrer els bouets i la Vaqueta del &hellip; <a href=\"https:\/\/blocs.xarxanet.org\/aipcc\/2026\/02\/08\/festes-santa-eulalia-2026\/\">Continue reading <span class=\"meta-nav\">&rarr;<\/span><\/a><\/p>\n","protected":false},"author":330,"featured_media":0,"comment_status":"closed","ping_status":"closed","sticky":false,"template":"","format":"standard","meta":{"footnotes":""},"categories":[1002,62671,62673,61805,14],"tags":[],"class_list":["post-3160","post","type-post","status-publish","format-standard","hentry","category-fotos","category-aipcc","category-ball-de-santa-eulalia","category-bouets-i-la-vaqueta-del-raval","category-noticies"],"_links":{"self":[{"href":"https:\/\/blocs.xarxanet.org\/aipcc\/wp-json\/wp\/v2\/posts\/3160","targetHints":{"allow":["GET"]}}],"collection":[{"href":"https:\/\/blocs.xarxanet.org\/aipcc\/wp-json\/wp\/v2\/posts"}],"about":[{"href":"https:\/\/blocs.xarxanet.org\/aipcc\/wp-json\/wp\/v2\/types\/post"}],"author":[{"embeddable":true,"href":"https:\/\/blocs.xarxanet.org\/aipcc\/wp-json\/wp\/v2\/users\/330"}],"replies":[{"embeddable":true,"href":"https:\/\/blocs.xarxanet.org\/aipcc\/wp-json\/wp\/v2\/comments?post=3160"}],"version-history":[{"count":2,"href":"https:\/\/blocs.xarxanet.org\/aipcc\/wp-json\/wp\/v2\/posts\/3160\/revisions"}],"predecessor-version":[{"id":3168,"href":"https:\/\/blocs.xarxanet.org\/aipcc\/wp-json\/wp\/v2\/posts\/3160\/revisions\/3168"}],"wp:attachment":[{"href":"https:\/\/blocs.xarxanet.org\/aipcc\/wp-json\/wp\/v2\/media?parent=3160"}],"wp:term":[{"taxonomy":"category","embeddable":true,"href":"https:\/\/blocs.xarxanet.org\/aipcc\/wp-json\/wp\/v2\/categories?post=3160"},{"taxonomy":"post_tag","embeddable":true,"href":"https:\/\/blocs.xarxanet.org\/aipcc\/wp-json\/wp\/v2\/tags?post=3160"}],"curies":[{"name":"wp","href":"https:\/\/api.w.org\/{rel}","templated":true}]}}