{"id":2825,"date":"2024-10-07T17:35:13","date_gmt":"2024-10-07T17:35:13","guid":{"rendered":"https:\/\/blocs.xarxanet.org\/aipcc\/?p=2825"},"modified":"2024-10-07T17:35:13","modified_gmt":"2024-10-07T17:35:13","slug":"festa-de-la-cultura-popular-al-raval-santa-madrona-2","status":"publish","type":"post","link":"https:\/\/blocs.xarxanet.org\/aipcc\/2024\/10\/07\/festa-de-la-cultura-popular-al-raval-santa-madrona-2\/","title":{"rendered":"Festa de la Cultura Popular al Raval Santa Madrona"},"content":{"rendered":"<p>Festa que s&#8217;havia de celebrar al mes de mar\u00e7, per\u00f2 es va que ajornar, com sempre al mes de novembre desembre es conviden a les colles que vulguin participar,\u00a0 se sol\u00b7licita a l&#8217;escola Mila i Fontanals l&#8217;espai per poder fer servir el menjador per poder oferir a les colles invitades un berenar.<a href=\"http:\/\/blocs.xarxanet.org\/aipcc\/files\/2024\/10\/IMG-20241005-WA0067-scaled.jpg\"><img loading=\"lazy\" decoding=\"async\" class=\"alignleft size-medium wp-image-2826\" src=\"http:\/\/blocs.xarxanet.org\/aipcc\/files\/2024\/10\/IMG-20241005-WA0067-300x169.jpg\" alt=\"\" width=\"300\" height=\"169\" srcset=\"https:\/\/blocs.xarxanet.org\/aipcc\/files\/2024\/10\/IMG-20241005-WA0067-300x169.jpg 300w, https:\/\/blocs.xarxanet.org\/aipcc\/files\/2024\/10\/IMG-20241005-WA0067-1024x576.jpg 1024w, https:\/\/blocs.xarxanet.org\/aipcc\/files\/2024\/10\/IMG-20241005-WA0067-768x432.jpg 768w, https:\/\/blocs.xarxanet.org\/aipcc\/files\/2024\/10\/IMG-20241005-WA0067-1536x864.jpg 1536w, https:\/\/blocs.xarxanet.org\/aipcc\/files\/2024\/10\/IMG-20241005-WA0067-2048x1152.jpg 2048w\" sizes=\"auto, (max-width: 300px) 100vw, 300px\" \/><\/a><br \/>\nA la tarda s&#8217;inicia la plantada a la pla\u00e7a Gardunya, les colles fent els balls de llu\u00efment i s&#8217;inicia la passejada pels carrers finalitzant a la pla\u00e7a Gardunya a on totes les colles tornes a realitzar balls, aquest any a m\u00e9s del magn\u00edfic espectacle del Ave Fenix de Sant Andreu, amb la seva pirot\u00e8cnia tamb\u00e9 a participat amb pirot\u00e8cnia el Capella d&#8217;Horta, despr\u00e9s tots a gaudir del berenar que com sempre \u00e9s tradici\u00f3 son obsequiats amb un pernil, mentre berenaven el Comissionat Sr. Ivan Pers i el conseller Albert Salmeron van<a href=\"http:\/\/blocs.xarxanet.org\/aipcc\/files\/2024\/10\/IMG-20241006-WA0052.jpg\"><img loading=\"lazy\" decoding=\"async\" class=\"alignleft size-medium wp-image-2834\" src=\"http:\/\/blocs.xarxanet.org\/aipcc\/files\/2024\/10\/IMG-20241006-WA0052-300x226.jpg\" alt=\"\" width=\"300\" height=\"226\" srcset=\"https:\/\/blocs.xarxanet.org\/aipcc\/files\/2024\/10\/IMG-20241006-WA0052-300x226.jpg 300w, https:\/\/blocs.xarxanet.org\/aipcc\/files\/2024\/10\/IMG-20241006-WA0052-1024x771.jpg 1024w, https:\/\/blocs.xarxanet.org\/aipcc\/files\/2024\/10\/IMG-20241006-WA0052-768x578.jpg 768w, https:\/\/blocs.xarxanet.org\/aipcc\/files\/2024\/10\/IMG-20241006-WA0052-1536x1156.jpg 1536w, https:\/\/blocs.xarxanet.org\/aipcc\/files\/2024\/10\/IMG-20241006-WA0052.jpg 1600w\" sizes=\"auto, (max-width: 300px) 100vw, 300px\" \/><\/a> fe<a href=\"http:\/\/blocs.xarxanet.org\/aipcc\/files\/2024\/10\/IMG-20241006-WA0008.jpg\"><img loading=\"lazy\" decoding=\"async\" class=\"alignright size-medium wp-image-2836\" src=\"http:\/\/blocs.xarxanet.org\/aipcc\/files\/2024\/10\/IMG-20241006-WA0008-226x300.jpg\" alt=\"\" width=\"226\" height=\"300\" srcset=\"https:\/\/blocs.xarxanet.org\/aipcc\/files\/2024\/10\/IMG-20241006-WA0008-226x300.jpg 226w, https:\/\/blocs.xarxanet.org\/aipcc\/files\/2024\/10\/IMG-20241006-WA0008-771x1024.jpg 771w, https:\/\/blocs.xarxanet.org\/aipcc\/files\/2024\/10\/IMG-20241006-WA0008-768x1020.jpg 768w, https:\/\/blocs.xarxanet.org\/aipcc\/files\/2024\/10\/IMG-20241006-WA0008-1157x1536.jpg 1157w, https:\/\/blocs.xarxanet.org\/aipcc\/files\/2024\/10\/IMG-20241006-WA0008.jpg 1536w\" sizes=\"auto, (max-width: 226px) 100vw, 226px\" \/><\/a>r entrega dels records a cada colla.<\/p>\n<p><a href=\"http:\/\/blocs.xarxanet.org\/aipcc\/files\/2024\/10\/IMG-20241006-WA0012.jpg\"><img loading=\"lazy\" decoding=\"async\" class=\"alignright size-medium wp-image-2835\" src=\"http:\/\/blocs.xarxanet.org\/aipcc\/files\/2024\/10\/IMG-20241006-WA0012-226x300.jpg\" alt=\"\" width=\"226\" height=\"300\" srcset=\"https:\/\/blocs.xarxanet.org\/aipcc\/files\/2024\/10\/IMG-20241006-WA0012-226x300.jpg 226w, https:\/\/blocs.xarxanet.org\/aipcc\/files\/2024\/10\/IMG-20241006-WA0012-771x1024.jpg 771w, https:\/\/blocs.xarxanet.org\/aipcc\/files\/2024\/10\/IMG-20241006-WA0012-768x1020.jpg 768w, https:\/\/blocs.xarxanet.org\/aipcc\/files\/2024\/10\/IMG-20241006-WA0012-1157x1536.jpg 1157w, https:\/\/blocs.xarxanet.org\/aipcc\/files\/2024\/10\/IMG-20241006-WA0012.jpg 1536w\" sizes=\"auto, (max-width: 226px) 100vw, 226px\" \/><\/a><\/p>\n<p><a href=\"http:\/\/blocs.xarxanet.org\/aipcc\/files\/2024\/10\/IMG-20241006-WA0014.jpg\"><img loading=\"lazy\" decoding=\"async\" class=\"alignright size-medium wp-image-2827\" src=\"http:\/\/blocs.xarxanet.org\/aipcc\/files\/2024\/10\/IMG-20241006-WA0014-300x225.jpg\" alt=\"\" width=\"300\" height=\"225\" srcset=\"https:\/\/blocs.xarxanet.org\/aipcc\/files\/2024\/10\/IMG-20241006-WA0014-300x225.jpg 300w, https:\/\/blocs.xarxanet.org\/aipcc\/files\/2024\/10\/IMG-20241006-WA0014-1024x768.jpg 1024w, https:\/\/blocs.xarxanet.org\/aipcc\/files\/2024\/10\/IMG-20241006-WA0014-768x576.jpg 768w, https:\/\/blocs.xarxanet.org\/aipcc\/files\/2024\/10\/IMG-20241006-WA0014-1536x1152.jpg 1536w, https:\/\/blocs.xarxanet.org\/aipcc\/files\/2024\/10\/IMG-20241006-WA0014.jpg 1600w\" sizes=\"auto, (max-width: 300px) 100vw, 300px\" \/><\/a><a href=\"http:\/\/blocs.xarxanet.org\/aipcc\/files\/2024\/10\/IMG-20241006-WA0029.jpg\"><img loading=\"lazy\" decoding=\"async\" class=\"alignleft size-medium wp-image-2828\" src=\"http:\/\/blocs.xarxanet.org\/aipcc\/files\/2024\/10\/IMG-20241006-WA0029-226x300.jpg\" alt=\"\" width=\"226\" height=\"300\" srcset=\"https:\/\/blocs.xarxanet.org\/aipcc\/files\/2024\/10\/IMG-20241006-WA0029-226x300.jpg 226w, https:\/\/blocs.xarxanet.org\/aipcc\/files\/2024\/10\/IMG-20241006-WA0029-771x1024.jpg 771w, https:\/\/blocs.xarxanet.org\/aipcc\/files\/2024\/10\/IMG-20241006-WA0029-768x1020.jpg 768w, https:\/\/blocs.xarxanet.org\/aipcc\/files\/2024\/10\/IMG-20241006-WA0029-1157x1536.jpg 1157w, https:\/\/blocs.xarxanet.org\/aipcc\/files\/2024\/10\/IMG-20241006-WA0029.jpg 1536w\" sizes=\"auto, (max-width: 226px) 100vw, 226px\" \/><\/a><a href=\"http:\/\/blocs.xarxanet.org\/aipcc\/files\/2024\/10\/IMG-20241006-WA0031.jpg\"><img loading=\"lazy\" decoding=\"async\" class=\"alignright size-medium wp-image-2829\" src=\"http:\/\/blocs.xarxanet.org\/aipcc\/files\/2024\/10\/IMG-20241006-WA0031-226x300.jpg\" alt=\"\" width=\"226\" height=\"300\" srcset=\"https:\/\/blocs.xarxanet.org\/aipcc\/files\/2024\/10\/IMG-20241006-WA0031-226x300.jpg 226w, https:\/\/blocs.xarxanet.org\/aipcc\/files\/2024\/10\/IMG-20241006-WA0031-771x1024.jpg 771w, https:\/\/blocs.xarxanet.org\/aipcc\/files\/2024\/10\/IMG-20241006-WA0031-768x1020.jpg 768w, https:\/\/blocs.xarxanet.org\/aipcc\/files\/2024\/10\/IMG-20241006-WA0031-1157x1536.jpg 1157w, https:\/\/blocs.xarxanet.org\/aipcc\/files\/2024\/10\/IMG-20241006-WA0031.jpg 1536w\" sizes=\"auto, (max-width: 226px) 100vw, 226px\" \/><\/a><a href=\"http:\/\/blocs.xarxanet.org\/aipcc\/files\/2024\/10\/IMG-20241006-WA0034.jpg\"><img loading=\"lazy\" decoding=\"async\" class=\"alignleft size-medium wp-image-2830\" src=\"http:\/\/blocs.xarxanet.org\/aipcc\/files\/2024\/10\/IMG-20241006-WA0034-300x225.jpg\" alt=\"\" width=\"300\" height=\"225\" srcset=\"https:\/\/blocs.xarxanet.org\/aipcc\/files\/2024\/10\/IMG-20241006-WA0034-300x225.jpg 300w, https:\/\/blocs.xarxanet.org\/aipcc\/files\/2024\/10\/IMG-20241006-WA0034-1024x768.jpg 1024w, https:\/\/blocs.xarxanet.org\/aipcc\/files\/2024\/10\/IMG-20241006-WA0034-768x576.jpg 768w, https:\/\/blocs.xarxanet.org\/aipcc\/files\/2024\/10\/IMG-20241006-WA0034-1536x1152.jpg 1536w, https:\/\/blocs.xarxanet.org\/aipcc\/files\/2024\/10\/IMG-20241006-WA0034.jpg 1600w\" sizes=\"auto, (max-width: 300px) 100vw, 300px\" \/><\/a><a href=\"http:\/\/blocs.xarxanet.org\/aipcc\/files\/2024\/10\/IMG-20241006-WA0035.jpg\"><img loading=\"lazy\" decoding=\"async\" class=\"alignleft size-medium wp-image-2831\" src=\"http:\/\/blocs.xarxanet.org\/aipcc\/files\/2024\/10\/IMG-20241006-WA0035-300x225.jpg\" alt=\"\" width=\"300\" height=\"225\" srcset=\"https:\/\/blocs.xarxanet.org\/aipcc\/files\/2024\/10\/IMG-20241006-WA0035-300x225.jpg 300w, https:\/\/blocs.xarxanet.org\/aipcc\/files\/2024\/10\/IMG-20241006-WA0035-1024x768.jpg 1024w, https:\/\/blocs.xarxanet.org\/aipcc\/files\/2024\/10\/IMG-20241006-WA0035-768x576.jpg 768w, https:\/\/blocs.xarxanet.org\/aipcc\/files\/2024\/10\/IMG-20241006-WA0035-1536x1152.jpg 1536w, https:\/\/blocs.xarxanet.org\/aipcc\/files\/2024\/10\/IMG-20241006-WA0035.jpg 1600w\" sizes=\"auto, (max-width: 300px) 100vw, 300px\" \/><\/a><a href=\"http:\/\/blocs.xarxanet.org\/aipcc\/files\/2024\/10\/IMG-20241006-WA0032.jpg\"><img loading=\"lazy\" decoding=\"async\" class=\"alignright size-medium wp-image-2833\" src=\"http:\/\/blocs.xarxanet.org\/aipcc\/files\/2024\/10\/IMG-20241006-WA0032-300x169.jpg\" alt=\"\" width=\"300\" height=\"169\" srcset=\"https:\/\/blocs.xarxanet.org\/aipcc\/files\/2024\/10\/IMG-20241006-WA0032-300x169.jpg 300w, https:\/\/blocs.xarxanet.org\/aipcc\/files\/2024\/10\/IMG-20241006-WA0032-1024x576.jpg 1024w, https:\/\/blocs.xarxanet.org\/aipcc\/files\/2024\/10\/IMG-20241006-WA0032-768x432.jpg 768w, https:\/\/blocs.xarxanet.org\/aipcc\/files\/2024\/10\/IMG-20241006-WA0032.jpg 1080w\" sizes=\"auto, (max-width: 300px) 100vw, 300px\" \/><\/a><\/p>\n","protected":false},"excerpt":{"rendered":"<p>Festa que s&#8217;havia de celebrar al mes de mar\u00e7, per\u00f2 es va que ajornar, com sempre al mes de novembre desembre es conviden a les colles que vulguin participar,\u00a0 se sol\u00b7licita a l&#8217;escola Mila i Fontanals l&#8217;espai per poder fer &hellip; <a href=\"https:\/\/blocs.xarxanet.org\/aipcc\/2024\/10\/07\/festa-de-la-cultura-popular-al-raval-santa-madrona-2\/\">Continue reading <span class=\"meta-nav\">&rarr;<\/span><\/a><\/p>\n","protected":false},"author":330,"featured_media":0,"comment_status":"open","ping_status":"open","sticky":false,"template":"","format":"standard","meta":{"footnotes":""},"categories":[1002,62671,61805,62676,14],"tags":[],"class_list":["post-2825","post","type-post","status-publish","format-standard","hentry","category-fotos","category-aipcc","category-bouets-i-la-vaqueta-del-raval","category-festa-de-cultura-popular-al-raval-santa-madrona","category-noticies"],"_links":{"self":[{"href":"https:\/\/blocs.xarxanet.org\/aipcc\/wp-json\/wp\/v2\/posts\/2825","targetHints":{"allow":["GET"]}}],"collection":[{"href":"https:\/\/blocs.xarxanet.org\/aipcc\/wp-json\/wp\/v2\/posts"}],"about":[{"href":"https:\/\/blocs.xarxanet.org\/aipcc\/wp-json\/wp\/v2\/types\/post"}],"author":[{"embeddable":true,"href":"https:\/\/blocs.xarxanet.org\/aipcc\/wp-json\/wp\/v2\/users\/330"}],"replies":[{"embeddable":true,"href":"https:\/\/blocs.xarxanet.org\/aipcc\/wp-json\/wp\/v2\/comments?post=2825"}],"version-history":[{"count":1,"href":"https:\/\/blocs.xarxanet.org\/aipcc\/wp-json\/wp\/v2\/posts\/2825\/revisions"}],"predecessor-version":[{"id":2837,"href":"https:\/\/blocs.xarxanet.org\/aipcc\/wp-json\/wp\/v2\/posts\/2825\/revisions\/2837"}],"wp:attachment":[{"href":"https:\/\/blocs.xarxanet.org\/aipcc\/wp-json\/wp\/v2\/media?parent=2825"}],"wp:term":[{"taxonomy":"category","embeddable":true,"href":"https:\/\/blocs.xarxanet.org\/aipcc\/wp-json\/wp\/v2\/categories?post=2825"},{"taxonomy":"post_tag","embeddable":true,"href":"https:\/\/blocs.xarxanet.org\/aipcc\/wp-json\/wp\/v2\/tags?post=2825"}],"curies":[{"name":"wp","href":"https:\/\/api.w.org\/{rel}","templated":true}]}}