{"id":2183,"date":"2021-12-12T06:53:36","date_gmt":"2021-12-12T06:53:36","guid":{"rendered":"http:\/\/blocs.xarxanet.org\/aipcc\/?p=2183"},"modified":"2021-12-12T06:53:36","modified_gmt":"2021-12-12T06:53:36","slug":"xv-memoria-fotografica-del-raval","status":"publish","type":"post","link":"https:\/\/blocs.xarxanet.org\/aipcc\/2021\/12\/12\/xv-memoria-fotografica-del-raval\/","title":{"rendered":"XV Mem\u00f2ria Fotogr\u00e0fica del Raval"},"content":{"rendered":"<p>El proper dia 15 de novembre inaugurarem la XV Exposici\u00f3 de Mem\u00f2ria Fotogr\u00e0fica del Raval a les 18:30 al Casal de Barri del Raval, amb noves fotogr\u00e0fies, estar\u00e0 exposada fins el 10 de gener de 2022.<a href=\"http:\/\/blocs.xarxanet.org\/aipcc\/files\/2021\/12\/cartell-invitaci\u00f3-XV-memoria-fotografica-15-12-21-001.jpg\"><img loading=\"lazy\" decoding=\"async\" class=\"aligncenter size-medium wp-image-2184\" src=\"http:\/\/blocs.xarxanet.org\/aipcc\/files\/2021\/12\/cartell-invitaci\u00f3-XV-memoria-fotografica-15-12-21-001-238x300.jpg\" alt=\"\" width=\"238\" height=\"300\" srcset=\"https:\/\/blocs.xarxanet.org\/aipcc\/files\/2021\/12\/cartell-invitaci\u00f3-XV-memoria-fotografica-15-12-21-001-238x300.jpg 238w, https:\/\/blocs.xarxanet.org\/aipcc\/files\/2021\/12\/cartell-invitaci\u00f3-XV-memoria-fotografica-15-12-21-001-768x970.jpg 768w, https:\/\/blocs.xarxanet.org\/aipcc\/files\/2021\/12\/cartell-invitaci\u00f3-XV-memoria-fotografica-15-12-21-001-811x1024.jpg 811w, https:\/\/blocs.xarxanet.org\/aipcc\/files\/2021\/12\/cartell-invitaci\u00f3-XV-memoria-fotografica-15-12-21-001.jpg 1633w\" sizes=\"auto, (max-width: 238px) 100vw, 238px\" \/><\/a><\/p>\n","protected":false},"excerpt":{"rendered":"<p>El proper dia 15 de novembre inaugurarem la XV Exposici\u00f3 de Mem\u00f2ria Fotogr\u00e0fica del Raval a les 18:30 al Casal de Barri del Raval, amb noves fotogr\u00e0fies, estar\u00e0 exposada fins el 10 de gener de 2022.<\/p>\n","protected":false},"author":330,"featured_media":0,"comment_status":"open","ping_status":"open","sticky":false,"template":"","format":"standard","meta":{"footnotes":""},"categories":[1002,62671,62684,14],"tags":[],"class_list":["post-2183","post","type-post","status-publish","format-standard","hentry","category-fotos","category-aipcc","category-memoria-fotografica-de-raval","category-noticies"],"_links":{"self":[{"href":"https:\/\/blocs.xarxanet.org\/aipcc\/wp-json\/wp\/v2\/posts\/2183","targetHints":{"allow":["GET"]}}],"collection":[{"href":"https:\/\/blocs.xarxanet.org\/aipcc\/wp-json\/wp\/v2\/posts"}],"about":[{"href":"https:\/\/blocs.xarxanet.org\/aipcc\/wp-json\/wp\/v2\/types\/post"}],"author":[{"embeddable":true,"href":"https:\/\/blocs.xarxanet.org\/aipcc\/wp-json\/wp\/v2\/users\/330"}],"replies":[{"embeddable":true,"href":"https:\/\/blocs.xarxanet.org\/aipcc\/wp-json\/wp\/v2\/comments?post=2183"}],"version-history":[{"count":1,"href":"https:\/\/blocs.xarxanet.org\/aipcc\/wp-json\/wp\/v2\/posts\/2183\/revisions"}],"predecessor-version":[{"id":2185,"href":"https:\/\/blocs.xarxanet.org\/aipcc\/wp-json\/wp\/v2\/posts\/2183\/revisions\/2185"}],"wp:attachment":[{"href":"https:\/\/blocs.xarxanet.org\/aipcc\/wp-json\/wp\/v2\/media?parent=2183"}],"wp:term":[{"taxonomy":"category","embeddable":true,"href":"https:\/\/blocs.xarxanet.org\/aipcc\/wp-json\/wp\/v2\/categories?post=2183"},{"taxonomy":"post_tag","embeddable":true,"href":"https:\/\/blocs.xarxanet.org\/aipcc\/wp-json\/wp\/v2\/tags?post=2183"}],"curies":[{"name":"wp","href":"https:\/\/api.w.org\/{rel}","templated":true}]}}