{"id":2144,"date":"2021-11-13T11:57:24","date_gmt":"2021-11-13T11:57:24","guid":{"rendered":"http:\/\/blocs.xarxanet.org\/aipcc\/?p=2144"},"modified":"2021-11-13T11:57:24","modified_gmt":"2021-11-13T11:57:24","slug":"festival-ravals-2021-cant-comu","status":"publish","type":"post","link":"https:\/\/blocs.xarxanet.org\/aipcc\/2021\/11\/13\/festival-ravals-2021-cant-comu\/","title":{"rendered":"Festival Ravals 2021 cant com\u00fa"},"content":{"rendered":"<p>El passat dia 6 de novembre el Grup Mon Raval va participar en el Cant comunitari, a la pla\u00e7a de l\u2019\u00c0ngel, amb dues peces del seu repertori i despr\u00e9s amb el cant com\u00fa que es va fer sobre la Gata perduda, opera que s\u2019estrenar\u00e0 l\u2019any vinent al teatre Liceu.<\/p>\n<p><a href=\"http:\/\/blocs.xarxanet.org\/aipcc\/files\/2021\/11\/20211106_115905.jpg\"><img loading=\"lazy\" decoding=\"async\" class=\"alignright size-medium wp-image-2145\" src=\"http:\/\/blocs.xarxanet.org\/aipcc\/files\/2021\/11\/20211106_115905-300x225.jpg\" alt=\"\" width=\"300\" height=\"225\" srcset=\"https:\/\/blocs.xarxanet.org\/aipcc\/files\/2021\/11\/20211106_115905-300x225.jpg 300w, https:\/\/blocs.xarxanet.org\/aipcc\/files\/2021\/11\/20211106_115905-768x576.jpg 768w, https:\/\/blocs.xarxanet.org\/aipcc\/files\/2021\/11\/20211106_115905-1024x768.jpg 1024w\" sizes=\"auto, (max-width: 300px) 100vw, 300px\" \/><\/a><a href=\"http:\/\/blocs.xarxanet.org\/aipcc\/files\/2021\/11\/20211106_115849.jpg\"><img loading=\"lazy\" decoding=\"async\" class=\"alignright size-medium wp-image-2146\" src=\"http:\/\/blocs.xarxanet.org\/aipcc\/files\/2021\/11\/20211106_115849-300x225.jpg\" alt=\"\" width=\"300\" height=\"225\" srcset=\"https:\/\/blocs.xarxanet.org\/aipcc\/files\/2021\/11\/20211106_115849-300x225.jpg 300w, https:\/\/blocs.xarxanet.org\/aipcc\/files\/2021\/11\/20211106_115849-768x576.jpg 768w, https:\/\/blocs.xarxanet.org\/aipcc\/files\/2021\/11\/20211106_115849-1024x768.jpg 1024w\" sizes=\"auto, (max-width: 300px) 100vw, 300px\" \/><\/a><a href=\"http:\/\/blocs.xarxanet.org\/aipcc\/files\/2021\/11\/cantada-6-11-21.jpg\"><img loading=\"lazy\" decoding=\"async\" class=\"alignleft size-medium wp-image-2147\" src=\"http:\/\/blocs.xarxanet.org\/aipcc\/files\/2021\/11\/cantada-6-11-21-300x225.jpg\" alt=\"\" width=\"300\" height=\"225\" srcset=\"https:\/\/blocs.xarxanet.org\/aipcc\/files\/2021\/11\/cantada-6-11-21-300x225.jpg 300w, https:\/\/blocs.xarxanet.org\/aipcc\/files\/2021\/11\/cantada-6-11-21-768x576.jpg 768w, https:\/\/blocs.xarxanet.org\/aipcc\/files\/2021\/11\/cantada-6-11-21-1024x768.jpg 1024w, https:\/\/blocs.xarxanet.org\/aipcc\/files\/2021\/11\/cantada-6-11-21.jpg 1600w\" sizes=\"auto, (max-width: 300px) 100vw, 300px\" \/><\/a><\/p>\n","protected":false},"excerpt":{"rendered":"<p>El passat dia 6 de novembre el Grup Mon Raval va participar en el Cant comunitari, a la pla\u00e7a de l\u2019\u00c0ngel, amb dues peces del seu repertori i despr\u00e9s amb el cant com\u00fa que es va fer sobre la Gata &hellip; <a href=\"https:\/\/blocs.xarxanet.org\/aipcc\/2021\/11\/13\/festival-ravals-2021-cant-comu\/\">Continue reading <span class=\"meta-nav\">&rarr;<\/span><\/a><\/p>\n","protected":false},"author":330,"featured_media":0,"comment_status":"open","ping_status":"open","sticky":false,"template":"","format":"standard","meta":{"footnotes":""},"categories":[1002,62671,62674,14],"tags":[],"class_list":["post-2144","post","type-post","status-publish","format-standard","hentry","category-fotos","category-aipcc","category-mon-raval","category-noticies"],"_links":{"self":[{"href":"https:\/\/blocs.xarxanet.org\/aipcc\/wp-json\/wp\/v2\/posts\/2144","targetHints":{"allow":["GET"]}}],"collection":[{"href":"https:\/\/blocs.xarxanet.org\/aipcc\/wp-json\/wp\/v2\/posts"}],"about":[{"href":"https:\/\/blocs.xarxanet.org\/aipcc\/wp-json\/wp\/v2\/types\/post"}],"author":[{"embeddable":true,"href":"https:\/\/blocs.xarxanet.org\/aipcc\/wp-json\/wp\/v2\/users\/330"}],"replies":[{"embeddable":true,"href":"https:\/\/blocs.xarxanet.org\/aipcc\/wp-json\/wp\/v2\/comments?post=2144"}],"version-history":[{"count":1,"href":"https:\/\/blocs.xarxanet.org\/aipcc\/wp-json\/wp\/v2\/posts\/2144\/revisions"}],"predecessor-version":[{"id":2148,"href":"https:\/\/blocs.xarxanet.org\/aipcc\/wp-json\/wp\/v2\/posts\/2144\/revisions\/2148"}],"wp:attachment":[{"href":"https:\/\/blocs.xarxanet.org\/aipcc\/wp-json\/wp\/v2\/media?parent=2144"}],"wp:term":[{"taxonomy":"category","embeddable":true,"href":"https:\/\/blocs.xarxanet.org\/aipcc\/wp-json\/wp\/v2\/categories?post=2144"},{"taxonomy":"post_tag","embeddable":true,"href":"https:\/\/blocs.xarxanet.org\/aipcc\/wp-json\/wp\/v2\/tags?post=2144"}],"curies":[{"name":"wp","href":"https:\/\/api.w.org\/{rel}","templated":true}]}}