{"id":2140,"date":"2021-10-29T10:47:43","date_gmt":"2021-10-29T10:47:43","guid":{"rendered":"http:\/\/blocs.xarxanet.org\/aipcc\/?p=2140"},"modified":"2021-10-29T10:47:43","modified_gmt":"2021-10-29T10:47:43","slug":"radio-ramblas","status":"publish","type":"post","link":"https:\/\/blocs.xarxanet.org\/aipcc\/2021\/10\/29\/radio-ramblas\/","title":{"rendered":"Radio Ramblas"},"content":{"rendered":"<p>El passat 22 d\u2019octubre, el tercer programa de R\u00e0dio Rambles que la nostra entitat t\u00e9 el micr\u00f3 obert per la cultura popular, la nostra responsable dels programes Marga Garcia, va interviuar a Anna Jordana i Anna Vinyoles de l\u2019Esbart Catal\u00e0 de dansaires, per parlar de la traject\u00f2ria de l\u2019entitat.<a href=\"http:\/\/blocs.xarxanet.org\/aipcc\/files\/2021\/10\/IMG-20211022-WA0016.jpg\"><img loading=\"lazy\" decoding=\"async\" class=\"aligncenter size-medium wp-image-2141\" src=\"http:\/\/blocs.xarxanet.org\/aipcc\/files\/2021\/10\/IMG-20211022-WA0016-300x169.jpg\" alt=\"\" width=\"300\" height=\"169\" srcset=\"https:\/\/blocs.xarxanet.org\/aipcc\/files\/2021\/10\/IMG-20211022-WA0016-300x169.jpg 300w, https:\/\/blocs.xarxanet.org\/aipcc\/files\/2021\/10\/IMG-20211022-WA0016-768x432.jpg 768w, https:\/\/blocs.xarxanet.org\/aipcc\/files\/2021\/10\/IMG-20211022-WA0016-1024x576.jpg 1024w, https:\/\/blocs.xarxanet.org\/aipcc\/files\/2021\/10\/IMG-20211022-WA0016.jpg 1600w\" sizes=\"auto, (max-width: 300px) 100vw, 300px\" \/><\/a><\/p>\n","protected":false},"excerpt":{"rendered":"<p>El passat 22 d\u2019octubre, el tercer programa de R\u00e0dio Rambles que la nostra entitat t\u00e9 el micr\u00f3 obert per la cultura popular, la nostra responsable dels programes Marga Garcia, va interviuar a Anna Jordana i Anna Vinyoles de l\u2019Esbart Catal\u00e0 &hellip; <a href=\"https:\/\/blocs.xarxanet.org\/aipcc\/2021\/10\/29\/radio-ramblas\/\">Continue reading <span class=\"meta-nav\">&rarr;<\/span><\/a><\/p>\n","protected":false},"author":330,"featured_media":0,"comment_status":"open","ping_status":"open","sticky":false,"template":"","format":"standard","meta":{"footnotes":""},"categories":[1002,62671,14],"tags":[],"class_list":["post-2140","post","type-post","status-publish","format-standard","hentry","category-fotos","category-aipcc","category-noticies"],"_links":{"self":[{"href":"https:\/\/blocs.xarxanet.org\/aipcc\/wp-json\/wp\/v2\/posts\/2140","targetHints":{"allow":["GET"]}}],"collection":[{"href":"https:\/\/blocs.xarxanet.org\/aipcc\/wp-json\/wp\/v2\/posts"}],"about":[{"href":"https:\/\/blocs.xarxanet.org\/aipcc\/wp-json\/wp\/v2\/types\/post"}],"author":[{"embeddable":true,"href":"https:\/\/blocs.xarxanet.org\/aipcc\/wp-json\/wp\/v2\/users\/330"}],"replies":[{"embeddable":true,"href":"https:\/\/blocs.xarxanet.org\/aipcc\/wp-json\/wp\/v2\/comments?post=2140"}],"version-history":[{"count":1,"href":"https:\/\/blocs.xarxanet.org\/aipcc\/wp-json\/wp\/v2\/posts\/2140\/revisions"}],"predecessor-version":[{"id":2142,"href":"https:\/\/blocs.xarxanet.org\/aipcc\/wp-json\/wp\/v2\/posts\/2140\/revisions\/2142"}],"wp:attachment":[{"href":"https:\/\/blocs.xarxanet.org\/aipcc\/wp-json\/wp\/v2\/media?parent=2140"}],"wp:term":[{"taxonomy":"category","embeddable":true,"href":"https:\/\/blocs.xarxanet.org\/aipcc\/wp-json\/wp\/v2\/categories?post=2140"},{"taxonomy":"post_tag","embeddable":true,"href":"https:\/\/blocs.xarxanet.org\/aipcc\/wp-json\/wp\/v2\/tags?post=2140"}],"curies":[{"name":"wp","href":"https:\/\/api.w.org\/{rel}","templated":true}]}}