{"id":2102,"date":"2021-08-09T18:51:00","date_gmt":"2021-08-09T18:51:00","guid":{"rendered":"http:\/\/blocs.xarxanet.org\/aipcc\/?p=2102"},"modified":"2021-08-09T18:51:00","modified_gmt":"2021-08-09T18:51:00","slug":"radio-rambles","status":"publish","type":"post","link":"https:\/\/blocs.xarxanet.org\/aipcc\/2021\/08\/09\/radio-rambles\/","title":{"rendered":"Radio Rambles"},"content":{"rendered":"<p>Cultura Rambla la <b>Taula d\u2019Institucions Culturals Rambles<\/b>.\u00a0 Despr\u00e9s de reunions amb col\u00b7lectius, associacions i entitats ve\u00efnals i culturals de l\u2019univers Rambla amb la intenci\u00f3 de constituir\u00a0 una <b>Taula d\u2019Entitats Rambles<\/b>. \u00a0Aquests dos espais de treball diferenciats i complementaris, ser\u00e0 el lloc efectiu on voldr\u00edem desplegar conjuntament la L\u00ednia Cultural Rambles dels mesos vinents.<\/p>\n<p>Aix\u00ed neix R\u00e0dio Rambles, amb la complicitat d&#8217;entitats per donar-se a con\u00e8ixer o reivindicar sobre temes culturals.<\/p>\n<p>La nostra entitat ha participat en dues sessions que els podreu escoltar.\u00a0Est\u00e0 dirigit per la Marga Garcia i ha entrevistat a la presidenta de l\u2019entitat i el segon programa al Sr. Amadeu Carb\u00f3 parlant d&#8217;abans i ara de la Rambla.<\/p>\n<p>https:\/\/xrcb.cat\/es\/potcats\/cultura-trod-i-popular-a-la-rambla-1\/<\/p>\n<p>https:\/\/xrcb.cat\/es\/potcats\/cultura-trod-i-popular-a-la-rambla-2\/<a href=\"http:\/\/blocs.xarxanet.org\/aipcc\/files\/2021\/08\/IMG-20210625-WA0049.jpg\"><img loading=\"lazy\" decoding=\"async\" class=\"alignleft size-medium wp-image-2103\" src=\"http:\/\/blocs.xarxanet.org\/aipcc\/files\/2021\/08\/IMG-20210625-WA0049-300x225.jpg\" alt=\"\" width=\"300\" height=\"225\" srcset=\"https:\/\/blocs.xarxanet.org\/aipcc\/files\/2021\/08\/IMG-20210625-WA0049-300x225.jpg 300w, https:\/\/blocs.xarxanet.org\/aipcc\/files\/2021\/08\/IMG-20210625-WA0049-768x576.jpg 768w, https:\/\/blocs.xarxanet.org\/aipcc\/files\/2021\/08\/IMG-20210625-WA0049-1024x768.jpg 1024w, https:\/\/blocs.xarxanet.org\/aipcc\/files\/2021\/08\/IMG-20210625-WA0049.jpg 1600w\" sizes=\"auto, (max-width: 300px) 100vw, 300px\" \/><\/a><a href=\"http:\/\/blocs.xarxanet.org\/aipcc\/files\/2021\/08\/20210714_171352.jpg\"><img loading=\"lazy\" decoding=\"async\" class=\"alignright size-medium wp-image-2104\" src=\"http:\/\/blocs.xarxanet.org\/aipcc\/files\/2021\/08\/20210714_171352-300x225.jpg\" alt=\"\" width=\"300\" height=\"225\" srcset=\"https:\/\/blocs.xarxanet.org\/aipcc\/files\/2021\/08\/20210714_171352-300x225.jpg 300w, https:\/\/blocs.xarxanet.org\/aipcc\/files\/2021\/08\/20210714_171352-768x576.jpg 768w, https:\/\/blocs.xarxanet.org\/aipcc\/files\/2021\/08\/20210714_171352-1024x768.jpg 1024w\" sizes=\"auto, (max-width: 300px) 100vw, 300px\" \/><\/a><\/p>\n","protected":false},"excerpt":{"rendered":"<p>Cultura Rambla la Taula d\u2019Institucions Culturals Rambles.\u00a0 Despr\u00e9s de reunions amb col\u00b7lectius, associacions i entitats ve\u00efnals i culturals de l\u2019univers Rambla amb la intenci\u00f3 de constituir\u00a0 una Taula d\u2019Entitats Rambles. \u00a0Aquests dos espais de treball diferenciats i complementaris, ser\u00e0 el &hellip; <a href=\"https:\/\/blocs.xarxanet.org\/aipcc\/2021\/08\/09\/radio-rambles\/\">Continue reading <span class=\"meta-nav\">&rarr;<\/span><\/a><\/p>\n","protected":false},"author":330,"featured_media":0,"comment_status":"open","ping_status":"open","sticky":false,"template":"","format":"standard","meta":{"footnotes":""},"categories":[1002,62671,14],"tags":[],"class_list":["post-2102","post","type-post","status-publish","format-standard","hentry","category-fotos","category-aipcc","category-noticies"],"_links":{"self":[{"href":"https:\/\/blocs.xarxanet.org\/aipcc\/wp-json\/wp\/v2\/posts\/2102","targetHints":{"allow":["GET"]}}],"collection":[{"href":"https:\/\/blocs.xarxanet.org\/aipcc\/wp-json\/wp\/v2\/posts"}],"about":[{"href":"https:\/\/blocs.xarxanet.org\/aipcc\/wp-json\/wp\/v2\/types\/post"}],"author":[{"embeddable":true,"href":"https:\/\/blocs.xarxanet.org\/aipcc\/wp-json\/wp\/v2\/users\/330"}],"replies":[{"embeddable":true,"href":"https:\/\/blocs.xarxanet.org\/aipcc\/wp-json\/wp\/v2\/comments?post=2102"}],"version-history":[{"count":1,"href":"https:\/\/blocs.xarxanet.org\/aipcc\/wp-json\/wp\/v2\/posts\/2102\/revisions"}],"predecessor-version":[{"id":2105,"href":"https:\/\/blocs.xarxanet.org\/aipcc\/wp-json\/wp\/v2\/posts\/2102\/revisions\/2105"}],"wp:attachment":[{"href":"https:\/\/blocs.xarxanet.org\/aipcc\/wp-json\/wp\/v2\/media?parent=2102"}],"wp:term":[{"taxonomy":"category","embeddable":true,"href":"https:\/\/blocs.xarxanet.org\/aipcc\/wp-json\/wp\/v2\/categories?post=2102"},{"taxonomy":"post_tag","embeddable":true,"href":"https:\/\/blocs.xarxanet.org\/aipcc\/wp-json\/wp\/v2\/tags?post=2102"}],"curies":[{"name":"wp","href":"https:\/\/api.w.org\/{rel}","templated":true}]}}