{"id":2002,"date":"2021-02-19T15:56:04","date_gmt":"2021-02-19T15:56:04","guid":{"rendered":"http:\/\/blocs.xarxanet.org\/aipcc\/?p=2002"},"modified":"2021-03-02T16:10:17","modified_gmt":"2021-03-02T16:10:17","slug":"xxxi-jocs-florals-del-raval","status":"publish","type":"post","link":"https:\/\/blocs.xarxanet.org\/aipcc\/2021\/02\/19\/xxxi-jocs-florals-del-raval\/","title":{"rendered":"XXXI Jocs Florals del Raval"},"content":{"rendered":"<p>Oberta la convocat\u00f2ria per la participaci\u00f3 dels XXXI Jocs Florals del Raval, les bases de participaci\u00f3.<\/p>\n<p><strong>\u00a0 \u00a0\u00a0\u00a0\u00a0\u00a0\u00a0\u00a0\u00a0\u00a0\u00a0\u00a0\u00a0\u00a0\u00a0\u00a0\u00a0\u00a0\u00a0\u00a0\u00a0\u00a0\u00a0\u00a0\u00a0\u00a0\u00a0\u00a0\u00a0\u00a0\u00a0XXXI\u00a0 Jocs Florals del Raval<\/strong><\/p>\n<p>BASES\u00a0 DE\u00a0 PARTICIPACI\u00d3<\/p>\n<p>&nbsp;<\/p>\n<p>Es valoraran els treballs, tant en poesia com en prosa exaltin els valors humans.<\/p>\n<p>1- Els treballs podran ser tem\u00e0tica lliure.<\/p>\n<p>2- Hauran de ser in\u00e8dits.<\/p>\n<p>3- Els treballs poden ser en prosa \u00a0amb llengua Catalana i vers amb catal\u00e0 i castell\u00e0<\/p>\n<p>3.1- Prosa: narraci\u00f3 o assaig, amb extensi\u00f3 m\u00e0xima de <strong>4 fulls- DIN A4<\/strong>.<\/p>\n<p>3.2- Vers: poemes amb extensi\u00f3 m\u00e0xima de <strong>3 fulls- DIN A4<\/strong>.<\/p>\n<p>4- M\u00e0xima, 2 treballs per participants en cada modalitat.<\/p>\n<p>Els treballs seran lliurats amb 6 copies dels treballs, escrits per una sola cara i a doble \u00a0\u00a0\u00a0espai, sense signar, amb t\u00edtol i pseud\u00f2nim.<\/p>\n<p><strong>\u00a0\u00a0\u00a0 <\/strong><strong>\u00a0Es lliurar\u00e0 dins d\u2019un sobre gran en el que constar\u00e0:<\/strong><\/p>\n<p>T\u00cdTOL DEL TREBALL<\/p>\n<p>PSEUD\u00d2NIM<\/p>\n<p>PROSA ,\u00a0 ADULTS\u00a0 O\u00a0 JUVENILS\u00a0\u00a0 I\u00a0 VERS\u00a0 ADULT<\/p>\n<p><strong>\u00a0S\u2019haur\u00e0 d\u2019adjuntar un sobre petit tancat on constaran les dades personals:<\/strong><\/p>\n<p><strong>\u00a0\u00a0\u00a0 NOM, EDAT, TEL\u00c8FON, ADRE\u00c7A,\u00a0 T\u00cdTOL DEL TREBALL i correu \u00a0\u00a0\u00a0electr\u00f2nic si teniu,\u00a0 \u00a0dins el sobre gran.<\/strong><\/p>\n<p>Els treballs s\u2019enviaran \u00a0a:<\/p>\n<p>A la b\u00fastia del c\/. Cera, 44, Baixos 2 a.<\/p>\n<p>Tel\u00e8fon, informaci\u00f3: 93 442 46 68<\/p>\n<p>L\u2019admissi\u00f3 de treballs s\u2019acabar\u00e0 el dia\u00a0 <strong>30d\u2019abril de 2021, <\/strong>sense cap mena de pr\u00f2rroga.<\/p>\n<p>No s\u2019admetran treballs enviats per correu electr\u00f2nic<\/p>\n<p>S\u2019estableix tres premis tant en <strong>vers<\/strong> com en <strong>prosa<\/strong>\u00a0 amb las categories de:<\/p>\n<p>&nbsp;<\/p>\n<p><strong>Adults:\u00a0\u00a0\u00a0\u00a0\u00a0 M\u00e9s grans de 17 anys<\/strong><\/p>\n<p><strong>\u00a0\u00a0\u00a0\u00a0\u00a0\u00a0\u00a0\u00a0\u00a0\u00a0\u00a0\u00a0\u00a0\u00a0\u00a0\u00a0\u00a0\u00a0\u00a0\u00a0\u00a0\u00a0\u00a0\u00a0\u00a0\u00a0 \u00a0\u00a0Juvenil:\u00a0\u00a0\u00a0 \u00a0De 11 anys a 16 anys<\/strong><\/p>\n<p>&nbsp;<\/p>\n<p>MODALITAT\u00a0\u00a0\u00a0\u00a0 \u00a0\u00a0\u00a0\u00a0\u00a0\u00a0\u00a0\u00a0\u00a0\u00a0\u00a0\u00a0\u00a0\u00a0\u00a0\u00a01er. PREMI\u00a0\u00a0\u00a0\u00a0\u00a0\u00a0\u00a0\u00a0\u00a0\u00a0\u00a0\u00a0 2on. PREMI\u00a0\u00a0\u00a0\u00a0\u00a0\u00a0\u00a0\u00a0\u00a0 3er.\u00a0 PREMI<\/p>\n<p>PROSA I VERS ADULTS\u00a0\u00a0 \u00a0\u00a0\u00a0\u00a0\u00a0300\u20ac\u00a0\u00a0\u00a0\u00a0\u00a0\u00a0\u00a0\u00a0\u00a0\u00a0\u00a0\u00a0\u00a0\u00a0\u00a0\u00a0\u00a0\u00a0\u00a0\u00a0\u00a0 150\u20ac\u00a0\u00a0\u00a0\u00a0\u00a0\u00a0\u00a0\u00a0\u00a0\u00a0\u00a0\u00a0\u00a0\u00a0\u00a0\u00a0\u00a0\u00a0\u00a0\u00a0\u00a0\u00a0\u00a0 100\u20ac<\/p>\n<p>PROSA JUVENILS\u00a0 I VERS\u00a0 \u00a0\u00a0150\u20ac\u00a0\u00a0\u00a0\u00a0\u00a0\u00a0\u00a0\u00a0\u00a0\u00a0\u00a0\u00a0\u00a0\u00a0\u00a0\u00a0\u00a0\u00a0 \u00a0\u00a0\u00a0100\u20ac\u00a0\u00a0\u00a0\u00a0\u00a0\u00a0\u00a0\u00a0\u00a0\u00a0\u00a0\u00a0\u00a0\u00a0\u00a0\u00a0\u00a0\u00a0\u00a0\u00a0\u00a0\u00a0 \u00a0\u00a050\u20ac<\/p>\n<p>El veredicte dels treballs i el lliurament dels guardons es donar\u00e0 a con\u00e8ixer el <strong>23 de \u00a0\u00a0\u00a0<\/strong><\/p>\n<p><strong>\u00a0\u00a0\u00a0\u00a0\u00a0\u00a0\u00a0\u00a0\u00a0\u00a0\u00a0\u00a0\u00a0 Maig de 2021 al Centre de Cultura Contempor\u00e0nia de Barcelona <\/strong><\/p>\n<p>Carrer Montalegre, 5\u00a0 8001 Barcelona<\/p>\n<p>&nbsp;<\/p>\n<p>Els premis podran quedar desert, si aix\u00ed ho considera el jurat.<\/p>\n<p>Els veredicte del jurat ser\u00e0 inapel\u00b7lable<\/p>\n<p><strong>\u00a0\u00a0\u00a0\u00a0\u00a0\u00a0 \u00a0\u00a0\u00a0\u00a0\u00a0\u00a0\u00a0Els treballs no es retornaran.<\/strong><\/p>\n<p>La recollida del premi es far\u00e0 obligat\u00f2riament <strong>el dia del veredicte, en persona o per \u00a0\u00a0\u00a0\u00a0\u00a0\u00a0\u00a0\u00a0\u00a0\u00a0\u00a0\u00a0\u00a0\u00a0\u00a0\u00a0mitj\u00e0 d\u2019un representant.<\/strong><\/p>\n<p><strong>\u00a0\u00a0\u00a0\u00a0\u00a0\u00a0\u00a0\u00a0\u00a0\u00a0\u00a0 \u00a0\u00a0Sin\u00f3 \u00e9s aix\u00ed es perd el dret al premi en met\u00e0l\u00b7lic.<\/strong><\/p>\n<p><strong>\u00a0<\/strong>La participaci\u00f3 en el XXXI ens Jocs Florals del Raval, implica l\u2019acceptaci\u00f3 de totes les bases.<\/p>\n<p>ORGANITZAT:\u00a0 Associaci\u00f3 Institut de Promoci\u00f3 de la Cultura Catalana ( A.I.P.C.C.)<\/p>\n","protected":false},"excerpt":{"rendered":"<p>Oberta la convocat\u00f2ria per la participaci\u00f3 dels XXXI Jocs Florals del Raval, les bases de participaci\u00f3. \u00a0 \u00a0\u00a0\u00a0\u00a0\u00a0\u00a0\u00a0\u00a0\u00a0\u00a0\u00a0\u00a0\u00a0\u00a0\u00a0\u00a0\u00a0\u00a0\u00a0\u00a0\u00a0\u00a0\u00a0\u00a0\u00a0\u00a0\u00a0\u00a0\u00a0\u00a0XXXI\u00a0 Jocs Florals del Raval BASES\u00a0 DE\u00a0 PARTICIPACI\u00d3 &nbsp; Es valoraran els treballs, tant en poesia com en prosa exaltin els valors humans. &hellip; <a href=\"https:\/\/blocs.xarxanet.org\/aipcc\/2021\/02\/19\/xxxi-jocs-florals-del-raval\/\">Continue reading <span class=\"meta-nav\">&rarr;<\/span><\/a><\/p>\n","protected":false},"author":330,"featured_media":0,"comment_status":"open","ping_status":"open","sticky":false,"template":"","format":"standard","meta":{"footnotes":""},"categories":[62671,62672,14],"tags":[],"class_list":["post-2002","post","type-post","status-publish","format-standard","hentry","category-aipcc","category-jocs-florals-del-raval","category-noticies"],"_links":{"self":[{"href":"https:\/\/blocs.xarxanet.org\/aipcc\/wp-json\/wp\/v2\/posts\/2002","targetHints":{"allow":["GET"]}}],"collection":[{"href":"https:\/\/blocs.xarxanet.org\/aipcc\/wp-json\/wp\/v2\/posts"}],"about":[{"href":"https:\/\/blocs.xarxanet.org\/aipcc\/wp-json\/wp\/v2\/types\/post"}],"author":[{"embeddable":true,"href":"https:\/\/blocs.xarxanet.org\/aipcc\/wp-json\/wp\/v2\/users\/330"}],"replies":[{"embeddable":true,"href":"https:\/\/blocs.xarxanet.org\/aipcc\/wp-json\/wp\/v2\/comments?post=2002"}],"version-history":[{"count":3,"href":"https:\/\/blocs.xarxanet.org\/aipcc\/wp-json\/wp\/v2\/posts\/2002\/revisions"}],"predecessor-version":[{"id":2006,"href":"https:\/\/blocs.xarxanet.org\/aipcc\/wp-json\/wp\/v2\/posts\/2002\/revisions\/2006"}],"wp:attachment":[{"href":"https:\/\/blocs.xarxanet.org\/aipcc\/wp-json\/wp\/v2\/media?parent=2002"}],"wp:term":[{"taxonomy":"category","embeddable":true,"href":"https:\/\/blocs.xarxanet.org\/aipcc\/wp-json\/wp\/v2\/categories?post=2002"},{"taxonomy":"post_tag","embeddable":true,"href":"https:\/\/blocs.xarxanet.org\/aipcc\/wp-json\/wp\/v2\/tags?post=2002"}],"curies":[{"name":"wp","href":"https:\/\/api.w.org\/{rel}","templated":true}]}}