{"id":1991,"date":"2021-02-07T19:50:53","date_gmt":"2021-02-07T19:50:53","guid":{"rendered":"http:\/\/blocs.xarxanet.org\/aipcc\/?p=1991"},"modified":"2021-02-07T19:50:53","modified_gmt":"2021-02-07T19:50:53","slug":"catifa-700-any-de-corpus","status":"publish","type":"post","link":"https:\/\/blocs.xarxanet.org\/aipcc\/2021\/02\/07\/catifa-700-any-de-corpus\/","title":{"rendered":"Catifa 700 any de Corpus"},"content":{"rendered":"<p><a href=\"http:\/\/blocs.xarxanet.org\/aipcc\/files\/2021\/02\/IMG-20210206-WA0014.jpg\"><img loading=\"lazy\" decoding=\"async\" class=\"aligncenter size-medium wp-image-1994\" src=\"http:\/\/blocs.xarxanet.org\/aipcc\/files\/2021\/02\/IMG-20210206-WA0014-225x300.jpg\" alt=\"\" width=\"225\" height=\"300\" srcset=\"https:\/\/blocs.xarxanet.org\/aipcc\/files\/2021\/02\/IMG-20210206-WA0014-225x300.jpg 225w, https:\/\/blocs.xarxanet.org\/aipcc\/files\/2021\/02\/IMG-20210206-WA0014-768x1024.jpg 768w, https:\/\/blocs.xarxanet.org\/aipcc\/files\/2021\/02\/IMG-20210206-WA0014.jpg 1200w\" sizes=\"auto, (max-width: 225px) 100vw, 225px\" \/><\/a><a href=\"http:\/\/blocs.xarxanet.org\/aipcc\/files\/2021\/02\/IMG-20210206-WA0016.jpg\"><img loading=\"lazy\" decoding=\"async\" class=\"alignright size-medium wp-image-1992\" src=\"http:\/\/blocs.xarxanet.org\/aipcc\/files\/2021\/02\/IMG-20210206-WA0016-300x225.jpg\" alt=\"\" width=\"300\" height=\"225\" srcset=\"https:\/\/blocs.xarxanet.org\/aipcc\/files\/2021\/02\/IMG-20210206-WA0016-300x225.jpg 300w, https:\/\/blocs.xarxanet.org\/aipcc\/files\/2021\/02\/IMG-20210206-WA0016-768x576.jpg 768w, https:\/\/blocs.xarxanet.org\/aipcc\/files\/2021\/02\/IMG-20210206-WA0016-1024x768.jpg 1024w, https:\/\/blocs.xarxanet.org\/aipcc\/files\/2021\/02\/IMG-20210206-WA0016.jpg 1600w\" sizes=\"auto, (max-width: 300px) 100vw, 300px\" \/><\/a>El passat dia 6 de febrer van col\u00b7laborar les catifaires del Raval, amb la Federaci\u00f3 de Catifaires de Catalunya en la confecci\u00f3 de la catifa per la commemoraci\u00f3 dels 700 anys del Corpus dins de les Festes de Santa Eul\u00e0lia.<\/p>\n","protected":false},"excerpt":{"rendered":"<p>El passat dia 6 de febrer van col\u00b7laborar les catifaires del Raval, amb la Federaci\u00f3 de Catifaires de Catalunya en la confecci\u00f3 de la catifa per la commemoraci\u00f3 dels 700 anys del Corpus dins de les Festes de Santa Eul\u00e0lia.<\/p>\n","protected":false},"author":330,"featured_media":0,"comment_status":"open","ping_status":"open","sticky":false,"template":"","format":"standard","meta":{"footnotes":""},"categories":[1002,62671,14],"tags":[],"class_list":["post-1991","post","type-post","status-publish","format-standard","hentry","category-fotos","category-aipcc","category-noticies"],"_links":{"self":[{"href":"https:\/\/blocs.xarxanet.org\/aipcc\/wp-json\/wp\/v2\/posts\/1991","targetHints":{"allow":["GET"]}}],"collection":[{"href":"https:\/\/blocs.xarxanet.org\/aipcc\/wp-json\/wp\/v2\/posts"}],"about":[{"href":"https:\/\/blocs.xarxanet.org\/aipcc\/wp-json\/wp\/v2\/types\/post"}],"author":[{"embeddable":true,"href":"https:\/\/blocs.xarxanet.org\/aipcc\/wp-json\/wp\/v2\/users\/330"}],"replies":[{"embeddable":true,"href":"https:\/\/blocs.xarxanet.org\/aipcc\/wp-json\/wp\/v2\/comments?post=1991"}],"version-history":[{"count":1,"href":"https:\/\/blocs.xarxanet.org\/aipcc\/wp-json\/wp\/v2\/posts\/1991\/revisions"}],"predecessor-version":[{"id":2000,"href":"https:\/\/blocs.xarxanet.org\/aipcc\/wp-json\/wp\/v2\/posts\/1991\/revisions\/2000"}],"wp:attachment":[{"href":"https:\/\/blocs.xarxanet.org\/aipcc\/wp-json\/wp\/v2\/media?parent=1991"}],"wp:term":[{"taxonomy":"category","embeddable":true,"href":"https:\/\/blocs.xarxanet.org\/aipcc\/wp-json\/wp\/v2\/categories?post=1991"},{"taxonomy":"post_tag","embeddable":true,"href":"https:\/\/blocs.xarxanet.org\/aipcc\/wp-json\/wp\/v2\/tags?post=1991"}],"curies":[{"name":"wp","href":"https:\/\/api.w.org\/{rel}","templated":true}]}}