{"id":1949,"date":"2020-10-24T18:15:49","date_gmt":"2020-10-24T18:15:49","guid":{"rendered":"http:\/\/blocs.xarxanet.org\/aipcc\/?p=1949"},"modified":"2020-11-09T12:13:34","modified_gmt":"2020-11-09T12:13:34","slug":"ravals-2020","status":"publish","type":"post","link":"https:\/\/blocs.xarxanet.org\/aipcc\/2020\/10\/24\/ravals-2020\/","title":{"rendered":"Ravals 2020"},"content":{"rendered":"<p>Els dies, 5, 6, 7, 8, el Raval estar\u00e0 de Festa i moltes activitats, contactar amb www.totraval.org\u00a0 i podreu veure el programa de tots aquest dies.<\/p>\n<p>La nostre entitat organitza una cantada d&#8217;havaneres el dia 8 de novembre, als Jardins dels Tarongers, a les 12h. amb els Grups Mar Brava i Havaname, es gratu\u00eft. #festivalravals @FestivalRaval<\/p>\n<p><a href=\"http:\/\/blocs.xarxanet.org\/aipcc\/files\/2020\/10\/ravals-havaneres-20-001.jpg\"><img loading=\"lazy\" decoding=\"async\" class=\"aligncenter size-medium wp-image-1950\" src=\"http:\/\/blocs.xarxanet.org\/aipcc\/files\/2020\/10\/ravals-havaneres-20-001-218x300.jpg\" alt=\"\" width=\"218\" height=\"300\" srcset=\"https:\/\/blocs.xarxanet.org\/aipcc\/files\/2020\/10\/ravals-havaneres-20-001-218x300.jpg 218w, https:\/\/blocs.xarxanet.org\/aipcc\/files\/2020\/10\/ravals-havaneres-20-001-768x1056.jpg 768w, https:\/\/blocs.xarxanet.org\/aipcc\/files\/2020\/10\/ravals-havaneres-20-001-745x1024.jpg 745w, https:\/\/blocs.xarxanet.org\/aipcc\/files\/2020\/10\/ravals-havaneres-20-001.jpg 1700w\" sizes=\"auto, (max-width: 218px) 100vw, 218px\" \/><\/a><a href=\"http:\/\/blocs.xarxanet.org\/aipcc\/files\/2020\/10\/ravals-havaneres-20-001.jpg\">L&#8217;acte va estar susp\u00e8s, per als requeriments que hav\u00edem de prendre per la pand\u00e8mia, esperem recuperar el programa, m\u00e9s endavant.<\/a><\/p>\n","protected":false},"excerpt":{"rendered":"<p>Els dies, 5, 6, 7, 8, el Raval estar\u00e0 de Festa i moltes activitats, contactar amb www.totraval.org\u00a0 i podreu veure el programa de tots aquest dies. La nostre entitat organitza una cantada d&#8217;havaneres el dia 8 de novembre, als Jardins &hellip; <a href=\"https:\/\/blocs.xarxanet.org\/aipcc\/2020\/10\/24\/ravals-2020\/\">Continue reading <span class=\"meta-nav\">&rarr;<\/span><\/a><\/p>\n","protected":false},"author":330,"featured_media":0,"comment_status":"open","ping_status":"open","sticky":false,"template":"","format":"standard","meta":{"footnotes":""},"categories":[1002,62671,62688,14],"tags":[],"class_list":["post-1949","post","type-post","status-publish","format-standard","hentry","category-fotos","category-aipcc","category-cantades-dhavaneres","category-noticies"],"_links":{"self":[{"href":"https:\/\/blocs.xarxanet.org\/aipcc\/wp-json\/wp\/v2\/posts\/1949","targetHints":{"allow":["GET"]}}],"collection":[{"href":"https:\/\/blocs.xarxanet.org\/aipcc\/wp-json\/wp\/v2\/posts"}],"about":[{"href":"https:\/\/blocs.xarxanet.org\/aipcc\/wp-json\/wp\/v2\/types\/post"}],"author":[{"embeddable":true,"href":"https:\/\/blocs.xarxanet.org\/aipcc\/wp-json\/wp\/v2\/users\/330"}],"replies":[{"embeddable":true,"href":"https:\/\/blocs.xarxanet.org\/aipcc\/wp-json\/wp\/v2\/comments?post=1949"}],"version-history":[{"count":3,"href":"https:\/\/blocs.xarxanet.org\/aipcc\/wp-json\/wp\/v2\/posts\/1949\/revisions"}],"predecessor-version":[{"id":1956,"href":"https:\/\/blocs.xarxanet.org\/aipcc\/wp-json\/wp\/v2\/posts\/1949\/revisions\/1956"}],"wp:attachment":[{"href":"https:\/\/blocs.xarxanet.org\/aipcc\/wp-json\/wp\/v2\/media?parent=1949"}],"wp:term":[{"taxonomy":"category","embeddable":true,"href":"https:\/\/blocs.xarxanet.org\/aipcc\/wp-json\/wp\/v2\/categories?post=1949"},{"taxonomy":"post_tag","embeddable":true,"href":"https:\/\/blocs.xarxanet.org\/aipcc\/wp-json\/wp\/v2\/tags?post=1949"}],"curies":[{"name":"wp","href":"https:\/\/api.w.org\/{rel}","templated":true}]}}