{"id":1934,"date":"2020-09-30T16:58:44","date_gmt":"2020-09-30T16:58:44","guid":{"rendered":"http:\/\/blocs.xarxanet.org\/aipcc\/?p=1934"},"modified":"2020-09-30T16:58:44","modified_gmt":"2020-09-30T16:58:44","slug":"participacio-dins-de-les-festes-de-la-merce-2","status":"publish","type":"post","link":"https:\/\/blocs.xarxanet.org\/aipcc\/2020\/09\/30\/participacio-dins-de-les-festes-de-la-merce-2\/","title":{"rendered":"Participaci\u00f3 dins de les Festes de la Merc\u00e8"},"content":{"rendered":"<p>El dia 27 al mat\u00ed el grup de dones de <span class=\"hiddenGrammarError\">Mon<\/span> Raval van ser convidades a la R\u00e0dio <span class=\"hiddenSpellError\">AssocieNos<\/span>, van anar dos representants del grup per parlar de les activitats de les dones a l&#8217;entitat, hi ha que un dels projectes es Vida activa a la dona gran, es va denunciar que la gent gran, necessita companyia, activitat, acompanyament i que s&#8217;estudi\u00e9s per obrir el casal de la gent gran amb tota la seguretat, com s\u00e9<span class=\"hiddenGrammarError\"> ,<\/span> est\u00e0 fent a les escoles.<a href=\"http:\/\/blocs.xarxanet.org\/aipcc\/files\/2020\/09\/20200927_115259.jpg\"><img loading=\"lazy\" decoding=\"async\" class=\"aligncenter size-medium wp-image-1935\" src=\"http:\/\/blocs.xarxanet.org\/aipcc\/files\/2020\/09\/20200927_115259-300x225.jpg\" alt=\"\" width=\"300\" height=\"225\" srcset=\"https:\/\/blocs.xarxanet.org\/aipcc\/files\/2020\/09\/20200927_115259-300x225.jpg 300w, https:\/\/blocs.xarxanet.org\/aipcc\/files\/2020\/09\/20200927_115259-768x576.jpg 768w, https:\/\/blocs.xarxanet.org\/aipcc\/files\/2020\/09\/20200927_115259-1024x768.jpg 1024w\" sizes=\"auto, (max-width: 300px) 100vw, 300px\" \/><\/a><\/p>\n","protected":false},"excerpt":{"rendered":"<p>El dia 27 al mat\u00ed el grup de dones de Mon Raval van ser convidades a la R\u00e0dio AssocieNos, van anar dos representants del grup per parlar de les activitats de les dones a l&#8217;entitat, hi ha que un dels &hellip; <a href=\"https:\/\/blocs.xarxanet.org\/aipcc\/2020\/09\/30\/participacio-dins-de-les-festes-de-la-merce-2\/\">Continue reading <span class=\"meta-nav\">&rarr;<\/span><\/a><\/p>\n","protected":false},"author":330,"featured_media":0,"comment_status":"open","ping_status":"open","sticky":false,"template":"","format":"standard","meta":{"footnotes":""},"categories":[1002,62671,62674,14],"tags":[],"class_list":["post-1934","post","type-post","status-publish","format-standard","hentry","category-fotos","category-aipcc","category-mon-raval","category-noticies"],"_links":{"self":[{"href":"https:\/\/blocs.xarxanet.org\/aipcc\/wp-json\/wp\/v2\/posts\/1934","targetHints":{"allow":["GET"]}}],"collection":[{"href":"https:\/\/blocs.xarxanet.org\/aipcc\/wp-json\/wp\/v2\/posts"}],"about":[{"href":"https:\/\/blocs.xarxanet.org\/aipcc\/wp-json\/wp\/v2\/types\/post"}],"author":[{"embeddable":true,"href":"https:\/\/blocs.xarxanet.org\/aipcc\/wp-json\/wp\/v2\/users\/330"}],"replies":[{"embeddable":true,"href":"https:\/\/blocs.xarxanet.org\/aipcc\/wp-json\/wp\/v2\/comments?post=1934"}],"version-history":[{"count":1,"href":"https:\/\/blocs.xarxanet.org\/aipcc\/wp-json\/wp\/v2\/posts\/1934\/revisions"}],"predecessor-version":[{"id":1936,"href":"https:\/\/blocs.xarxanet.org\/aipcc\/wp-json\/wp\/v2\/posts\/1934\/revisions\/1936"}],"wp:attachment":[{"href":"https:\/\/blocs.xarxanet.org\/aipcc\/wp-json\/wp\/v2\/media?parent=1934"}],"wp:term":[{"taxonomy":"category","embeddable":true,"href":"https:\/\/blocs.xarxanet.org\/aipcc\/wp-json\/wp\/v2\/categories?post=1934"},{"taxonomy":"post_tag","embeddable":true,"href":"https:\/\/blocs.xarxanet.org\/aipcc\/wp-json\/wp\/v2\/tags?post=1934"}],"curies":[{"name":"wp","href":"https:\/\/api.w.org\/{rel}","templated":true}]}}