{"id":1918,"date":"2020-09-19T18:35:02","date_gmt":"2020-09-19T18:35:02","guid":{"rendered":"http:\/\/blocs.xarxanet.org\/aipcc\/?p=1918"},"modified":"2020-09-19T18:35:02","modified_gmt":"2020-09-19T18:35:02","slug":"festes-de-la-merce-4","status":"publish","type":"post","link":"https:\/\/blocs.xarxanet.org\/aipcc\/2020\/09\/19\/festes-de-la-merce-4\/","title":{"rendered":"Festes de la Merc\u00e8"},"content":{"rendered":"<p>Aquest any les FESTES seran en formats redu\u00efts i sense la participaci\u00f3 massiva de la ciutadania, sense cercaviles de gegants, bestiari, foc, diables, bastons, etc.<\/p>\n<p>Per\u00f2 no deixem de repensar en fer activitats per dir que existim i que estem preparats a tir\u00e0 endavant.<\/p>\n<p>La nostra entitat participa amb les exposicions de gegants amb capgrossos a la Casa de la Caritat i els Bouets i la Vaqueta del Raval al Born amb el Bestiari.<\/p>\n<p>El dia 25 representaci\u00f3 d&#8217;una com\u00e8dia amb el Grup Mon Raval<\/p>\n<p>El dia 26 amb els Bastoners del Raval al Mat\u00ed Bastoner al Moll de la Fusta a les 12 h.<\/p>\n<p>Els Bouets i la Vaqueta del Raval ballaran al Moll de la Fusta el dia 27, estrenen el ball.<\/p>\n<p>En fi que seguim dona&#8217;n pres\u00e8ncia de la nostra tradicional cultura.<a href=\"http:\/\/blocs.xarxanet.org\/aipcc\/files\/2020\/09\/20200905_101045.jpg\"><img loading=\"lazy\" decoding=\"async\" class=\"alignright size-full wp-image-1919\" src=\"http:\/\/blocs.xarxanet.org\/aipcc\/files\/2020\/09\/20200905_101045.jpg\" alt=\"\" width=\"4000\" height=\"3000\" srcset=\"https:\/\/blocs.xarxanet.org\/aipcc\/files\/2020\/09\/20200905_101045.jpg 4000w, https:\/\/blocs.xarxanet.org\/aipcc\/files\/2020\/09\/20200905_101045-300x225.jpg 300w, https:\/\/blocs.xarxanet.org\/aipcc\/files\/2020\/09\/20200905_101045-768x576.jpg 768w, https:\/\/blocs.xarxanet.org\/aipcc\/files\/2020\/09\/20200905_101045-1024x768.jpg 1024w\" sizes=\"auto, (max-width: 4000px) 100vw, 4000px\" \/><\/a><a href=\"http:\/\/blocs.xarxanet.org\/aipcc\/files\/2020\/09\/20200917_175625_01.jpg\"><img loading=\"lazy\" decoding=\"async\" class=\"aligncenter size-large wp-image-1920\" src=\"http:\/\/blocs.xarxanet.org\/aipcc\/files\/2020\/09\/20200917_175625_01-768x1024.jpg\" alt=\"\" width=\"610\" height=\"813\" srcset=\"https:\/\/blocs.xarxanet.org\/aipcc\/files\/2020\/09\/20200917_175625_01-768x1024.jpg 768w, https:\/\/blocs.xarxanet.org\/aipcc\/files\/2020\/09\/20200917_175625_01-225x300.jpg 225w\" sizes=\"auto, (max-width: 610px) 100vw, 610px\" \/><\/a><a href=\"http:\/\/blocs.xarxanet.org\/aipcc\/files\/2020\/09\/20200831_184357.jpg\"><img loading=\"lazy\" decoding=\"async\" class=\"alignright size-medium wp-image-1921\" src=\"http:\/\/blocs.xarxanet.org\/aipcc\/files\/2020\/09\/20200831_184357-300x225.jpg\" alt=\"\" width=\"300\" height=\"225\" srcset=\"https:\/\/blocs.xarxanet.org\/aipcc\/files\/2020\/09\/20200831_184357-300x225.jpg 300w, https:\/\/blocs.xarxanet.org\/aipcc\/files\/2020\/09\/20200831_184357-768x576.jpg 768w, https:\/\/blocs.xarxanet.org\/aipcc\/files\/2020\/09\/20200831_184357-1024x768.jpg 1024w\" sizes=\"auto, (max-width: 300px) 100vw, 300px\" \/><\/a><a href=\"http:\/\/blocs.xarxanet.org\/aipcc\/files\/2020\/09\/20200914_194723-e1600540456480.jpg\"><img loading=\"lazy\" decoding=\"async\" class=\"alignright size-medium wp-image-1922\" src=\"http:\/\/blocs.xarxanet.org\/aipcc\/files\/2020\/09\/20200914_194723-e1600540456480-225x300.jpg\" alt=\"\" width=\"225\" height=\"300\" srcset=\"https:\/\/blocs.xarxanet.org\/aipcc\/files\/2020\/09\/20200914_194723-e1600540456480-225x300.jpg 225w, https:\/\/blocs.xarxanet.org\/aipcc\/files\/2020\/09\/20200914_194723-e1600540456480-768x1024.jpg 768w\" sizes=\"auto, (max-width: 225px) 100vw, 225px\" \/><\/a><\/p>\n","protected":false},"excerpt":{"rendered":"<p>Aquest any les FESTES seran en formats redu\u00efts i sense la participaci\u00f3 massiva de la ciutadania, sense cercaviles de gegants, bestiari, foc, diables, bastons, etc. Per\u00f2 no deixem de repensar en fer activitats per dir que existim i que estem &hellip; <a href=\"https:\/\/blocs.xarxanet.org\/aipcc\/2020\/09\/19\/festes-de-la-merce-4\/\">Continue reading <span class=\"meta-nav\">&rarr;<\/span><\/a><\/p>\n","protected":false},"author":330,"featured_media":0,"comment_status":"open","ping_status":"open","sticky":false,"template":"","format":"standard","meta":{"footnotes":""},"categories":[1002,62671,61804,61805,14],"tags":[],"class_list":["post-1918","post","type-post","status-publish","format-standard","hentry","category-fotos","category-aipcc","category-bastoners-del-raval","category-bouets-i-la-vaqueta-del-raval","category-noticies"],"_links":{"self":[{"href":"https:\/\/blocs.xarxanet.org\/aipcc\/wp-json\/wp\/v2\/posts\/1918","targetHints":{"allow":["GET"]}}],"collection":[{"href":"https:\/\/blocs.xarxanet.org\/aipcc\/wp-json\/wp\/v2\/posts"}],"about":[{"href":"https:\/\/blocs.xarxanet.org\/aipcc\/wp-json\/wp\/v2\/types\/post"}],"author":[{"embeddable":true,"href":"https:\/\/blocs.xarxanet.org\/aipcc\/wp-json\/wp\/v2\/users\/330"}],"replies":[{"embeddable":true,"href":"https:\/\/blocs.xarxanet.org\/aipcc\/wp-json\/wp\/v2\/comments?post=1918"}],"version-history":[{"count":1,"href":"https:\/\/blocs.xarxanet.org\/aipcc\/wp-json\/wp\/v2\/posts\/1918\/revisions"}],"predecessor-version":[{"id":1923,"href":"https:\/\/blocs.xarxanet.org\/aipcc\/wp-json\/wp\/v2\/posts\/1918\/revisions\/1923"}],"wp:attachment":[{"href":"https:\/\/blocs.xarxanet.org\/aipcc\/wp-json\/wp\/v2\/media?parent=1918"}],"wp:term":[{"taxonomy":"category","embeddable":true,"href":"https:\/\/blocs.xarxanet.org\/aipcc\/wp-json\/wp\/v2\/categories?post=1918"},{"taxonomy":"post_tag","embeddable":true,"href":"https:\/\/blocs.xarxanet.org\/aipcc\/wp-json\/wp\/v2\/tags?post=1918"}],"curies":[{"name":"wp","href":"https:\/\/api.w.org\/{rel}","templated":true}]}}