{"id":1886,"date":"2020-07-07T16:50:44","date_gmt":"2020-07-07T16:50:44","guid":{"rendered":"http:\/\/blocs.xarxanet.org\/aipcc\/?p=1886"},"modified":"2020-07-07T16:50:44","modified_gmt":"2020-07-07T16:50:44","slug":"festa-major-del-raval-festes-del-carme","status":"publish","type":"post","link":"https:\/\/blocs.xarxanet.org\/aipcc\/2020\/07\/07\/festa-major-del-raval-festes-del-carme\/","title":{"rendered":"Festa Major del Raval, Festes del Carme"},"content":{"rendered":"<p>Iniciem les Festes del Carme, anormals crea&#8217;n nous reptes amb totes les mesures de seguretat, un Preg\u00f3 limitat, sense cercavila d&#8217;Imaginari Festiu, sense el cor de la Gent Gran, el substitu\u00eft per una exposici\u00f3 de l&#8217;Imaginari al Palau de la Virreina, decoraci\u00f3 fotogr\u00e0fica al carrer Hort de la Bomba de moments passats de les Festes, Xocolatada pels nens i nenes del Casal dels Infants del Raval, sense les <span class=\"hiddenGrammarError\">titelles<\/span> i actuaci\u00f3 musical, sense la Diada Bastonera i la cantada d&#8217;havaneres s&#8217;ha refet amb una petita mostra de can\u00e7\u00f3 a la nostra seu, aforo molt redu\u00eft.<a href=\"http:\/\/blocs.xarxanet.org\/aipcc\/files\/2020\/07\/001.jpg\"><img loading=\"lazy\" decoding=\"async\" class=\"alignright size-medium wp-image-1887\" src=\"http:\/\/blocs.xarxanet.org\/aipcc\/files\/2020\/07\/001-212x300.jpg\" alt=\"\" width=\"212\" height=\"300\" srcset=\"https:\/\/blocs.xarxanet.org\/aipcc\/files\/2020\/07\/001-212x300.jpg 212w, https:\/\/blocs.xarxanet.org\/aipcc\/files\/2020\/07\/001-768x1085.jpg 768w, https:\/\/blocs.xarxanet.org\/aipcc\/files\/2020\/07\/001-725x1024.jpg 725w, https:\/\/blocs.xarxanet.org\/aipcc\/files\/2020\/07\/001.jpg 1550w\" sizes=\"auto, (max-width: 212px) 100vw, 212px\" \/><\/a><a href=\"http:\/\/blocs.xarxanet.org\/aipcc\/files\/2020\/07\/002.jpg\"><img loading=\"lazy\" decoding=\"async\" class=\"alignright size-medium wp-image-1888\" src=\"http:\/\/blocs.xarxanet.org\/aipcc\/files\/2020\/07\/002-213x300.jpg\" alt=\"\" width=\"213\" height=\"300\" srcset=\"https:\/\/blocs.xarxanet.org\/aipcc\/files\/2020\/07\/002-213x300.jpg 213w, https:\/\/blocs.xarxanet.org\/aipcc\/files\/2020\/07\/002-768x1084.jpg 768w, https:\/\/blocs.xarxanet.org\/aipcc\/files\/2020\/07\/002-726x1024.jpg 726w, https:\/\/blocs.xarxanet.org\/aipcc\/files\/2020\/07\/002.jpg 1567w\" sizes=\"auto, (max-width: 213px) 100vw, 213px\" \/><\/a><a href=\"http:\/\/blocs.xarxanet.org\/aipcc\/files\/2020\/07\/003.jpg\"><img loading=\"lazy\" decoding=\"async\" class=\"alignright size-medium wp-image-1889\" src=\"http:\/\/blocs.xarxanet.org\/aipcc\/files\/2020\/07\/003-214x300.jpg\" alt=\"\" width=\"214\" height=\"300\" srcset=\"https:\/\/blocs.xarxanet.org\/aipcc\/files\/2020\/07\/003-214x300.jpg 214w, https:\/\/blocs.xarxanet.org\/aipcc\/files\/2020\/07\/003-768x1079.jpg 768w, https:\/\/blocs.xarxanet.org\/aipcc\/files\/2020\/07\/003-729x1024.jpg 729w, https:\/\/blocs.xarxanet.org\/aipcc\/files\/2020\/07\/003.jpg 1562w\" sizes=\"auto, (max-width: 214px) 100vw, 214px\" \/><\/a><a href=\"http:\/\/blocs.xarxanet.org\/aipcc\/files\/2020\/07\/004.jpg\"><img loading=\"lazy\" decoding=\"async\" class=\"alignright size-medium wp-image-1890\" src=\"http:\/\/blocs.xarxanet.org\/aipcc\/files\/2020\/07\/004-217x300.jpg\" alt=\"\" width=\"217\" height=\"300\" srcset=\"https:\/\/blocs.xarxanet.org\/aipcc\/files\/2020\/07\/004-217x300.jpg 217w, https:\/\/blocs.xarxanet.org\/aipcc\/files\/2020\/07\/004-768x1062.jpg 768w, https:\/\/blocs.xarxanet.org\/aipcc\/files\/2020\/07\/004-740x1024.jpg 740w, https:\/\/blocs.xarxanet.org\/aipcc\/files\/2020\/07\/004.jpg 1567w\" sizes=\"auto, (max-width: 217px) 100vw, 217px\" \/><\/a><a href=\"http:\/\/blocs.xarxanet.org\/aipcc\/files\/2020\/07\/005.jpg\"><img loading=\"lazy\" decoding=\"async\" class=\"aligncenter size-medium wp-image-1891\" src=\"http:\/\/blocs.xarxanet.org\/aipcc\/files\/2020\/07\/005-211x300.jpg\" alt=\"\" width=\"211\" height=\"300\" srcset=\"https:\/\/blocs.xarxanet.org\/aipcc\/files\/2020\/07\/005-211x300.jpg 211w, https:\/\/blocs.xarxanet.org\/aipcc\/files\/2020\/07\/005-768x1091.jpg 768w, https:\/\/blocs.xarxanet.org\/aipcc\/files\/2020\/07\/005-721x1024.jpg 721w, https:\/\/blocs.xarxanet.org\/aipcc\/files\/2020\/07\/005.jpg 1545w\" sizes=\"auto, (max-width: 211px) 100vw, 211px\" \/><\/a><\/p>\n","protected":false},"excerpt":{"rendered":"<p>Iniciem les Festes del Carme, anormals crea&#8217;n nous reptes amb totes les mesures de seguretat, un Preg\u00f3 limitat, sense cercavila d&#8217;Imaginari Festiu, sense el cor de la Gent Gran, el substitu\u00eft per una exposici\u00f3 de l&#8217;Imaginari al Palau de la &hellip; <a href=\"https:\/\/blocs.xarxanet.org\/aipcc\/2020\/07\/07\/festa-major-del-raval-festes-del-carme\/\">Continue reading <span class=\"meta-nav\">&rarr;<\/span><\/a><\/p>\n","protected":false},"author":330,"featured_media":0,"comment_status":"open","ping_status":"open","sticky":false,"template":"","format":"standard","meta":{"footnotes":""},"categories":[1002,62671,61805,62688,14],"tags":[],"class_list":["post-1886","post","type-post","status-publish","format-standard","hentry","category-fotos","category-aipcc","category-bouets-i-la-vaqueta-del-raval","category-cantades-dhavaneres","category-noticies"],"_links":{"self":[{"href":"https:\/\/blocs.xarxanet.org\/aipcc\/wp-json\/wp\/v2\/posts\/1886","targetHints":{"allow":["GET"]}}],"collection":[{"href":"https:\/\/blocs.xarxanet.org\/aipcc\/wp-json\/wp\/v2\/posts"}],"about":[{"href":"https:\/\/blocs.xarxanet.org\/aipcc\/wp-json\/wp\/v2\/types\/post"}],"author":[{"embeddable":true,"href":"https:\/\/blocs.xarxanet.org\/aipcc\/wp-json\/wp\/v2\/users\/330"}],"replies":[{"embeddable":true,"href":"https:\/\/blocs.xarxanet.org\/aipcc\/wp-json\/wp\/v2\/comments?post=1886"}],"version-history":[{"count":1,"href":"https:\/\/blocs.xarxanet.org\/aipcc\/wp-json\/wp\/v2\/posts\/1886\/revisions"}],"predecessor-version":[{"id":1892,"href":"https:\/\/blocs.xarxanet.org\/aipcc\/wp-json\/wp\/v2\/posts\/1886\/revisions\/1892"}],"wp:attachment":[{"href":"https:\/\/blocs.xarxanet.org\/aipcc\/wp-json\/wp\/v2\/media?parent=1886"}],"wp:term":[{"taxonomy":"category","embeddable":true,"href":"https:\/\/blocs.xarxanet.org\/aipcc\/wp-json\/wp\/v2\/categories?post=1886"},{"taxonomy":"post_tag","embeddable":true,"href":"https:\/\/blocs.xarxanet.org\/aipcc\/wp-json\/wp\/v2\/tags?post=1886"}],"curies":[{"name":"wp","href":"https:\/\/api.w.org\/{rel}","templated":true}]}}