{"id":1857,"date":"2020-06-13T16:59:30","date_gmt":"2020-06-13T16:59:30","guid":{"rendered":"http:\/\/blocs.xarxanet.org\/aipcc\/?p=1857"},"modified":"2020-06-13T16:59:30","modified_gmt":"2020-06-13T16:59:30","slug":"art-efimer","status":"publish","type":"post","link":"https:\/\/blocs.xarxanet.org\/aipcc\/2020\/06\/13\/art-efimer\/","title":{"rendered":"Art ef\u00edmer"},"content":{"rendered":"<p>El passat dia 10 de juny les catifaires del Raval van elaborar una catifa a la Casa dels Entremesos per, commemora els <span class=\"hiddenSuggestion\">700<\/span> anys del Corpus a Barcelona, la nostra entitat\u00a0 AIPCC col\u00b7labora amb s\u00f2cies que s&#8217;han adherit al grup de catifaires, \u00e9s una activitat comunit\u00e0ria, que engrandeix la creaci\u00f3 art\u00edstica.<a href=\"http:\/\/blocs.xarxanet.org\/aipcc\/files\/2020\/06\/20200610_085710.jpg\"><img loading=\"lazy\" decoding=\"async\" class=\"alignright size-medium wp-image-1858\" src=\"http:\/\/blocs.xarxanet.org\/aipcc\/files\/2020\/06\/20200610_085710-300x169.jpg\" alt=\"\" width=\"300\" height=\"169\" srcset=\"https:\/\/blocs.xarxanet.org\/aipcc\/files\/2020\/06\/20200610_085710-300x169.jpg 300w, https:\/\/blocs.xarxanet.org\/aipcc\/files\/2020\/06\/20200610_085710-768x432.jpg 768w, https:\/\/blocs.xarxanet.org\/aipcc\/files\/2020\/06\/20200610_085710-1024x576.jpg 1024w\" sizes=\"auto, (max-width: 300px) 100vw, 300px\" \/><\/a><a href=\"http:\/\/blocs.xarxanet.org\/aipcc\/files\/2020\/06\/IMG-20200610-WA0024.jpg\"><img loading=\"lazy\" decoding=\"async\" class=\"alignright size-medium wp-image-1859\" src=\"http:\/\/blocs.xarxanet.org\/aipcc\/files\/2020\/06\/IMG-20200610-WA0024-300x300.jpg\" alt=\"\" width=\"300\" height=\"300\" srcset=\"https:\/\/blocs.xarxanet.org\/aipcc\/files\/2020\/06\/IMG-20200610-WA0024-300x300.jpg 300w, https:\/\/blocs.xarxanet.org\/aipcc\/files\/2020\/06\/IMG-20200610-WA0024-150x150.jpg 150w, https:\/\/blocs.xarxanet.org\/aipcc\/files\/2020\/06\/IMG-20200610-WA0024-768x768.jpg 768w, https:\/\/blocs.xarxanet.org\/aipcc\/files\/2020\/06\/IMG-20200610-WA0024-1024x1024.jpg 1024w, https:\/\/blocs.xarxanet.org\/aipcc\/files\/2020\/06\/IMG-20200610-WA0024.jpg 1448w\" sizes=\"auto, (max-width: 300px) 100vw, 300px\" \/><\/a><\/p>\n","protected":false},"excerpt":{"rendered":"<p>El passat dia 10 de juny les catifaires del Raval van elaborar una catifa a la Casa dels Entremesos per, commemora els 700 anys del Corpus a Barcelona, la nostra entitat\u00a0 AIPCC col\u00b7labora amb s\u00f2cies que s&#8217;han adherit al grup &hellip; <a href=\"https:\/\/blocs.xarxanet.org\/aipcc\/2020\/06\/13\/art-efimer\/\">Continue reading <span class=\"meta-nav\">&rarr;<\/span><\/a><\/p>\n","protected":false},"author":330,"featured_media":0,"comment_status":"open","ping_status":"open","sticky":false,"template":"","format":"standard","meta":{"footnotes":""},"categories":[1002,62671,14],"tags":[],"class_list":["post-1857","post","type-post","status-publish","format-standard","hentry","category-fotos","category-aipcc","category-noticies"],"_links":{"self":[{"href":"https:\/\/blocs.xarxanet.org\/aipcc\/wp-json\/wp\/v2\/posts\/1857","targetHints":{"allow":["GET"]}}],"collection":[{"href":"https:\/\/blocs.xarxanet.org\/aipcc\/wp-json\/wp\/v2\/posts"}],"about":[{"href":"https:\/\/blocs.xarxanet.org\/aipcc\/wp-json\/wp\/v2\/types\/post"}],"author":[{"embeddable":true,"href":"https:\/\/blocs.xarxanet.org\/aipcc\/wp-json\/wp\/v2\/users\/330"}],"replies":[{"embeddable":true,"href":"https:\/\/blocs.xarxanet.org\/aipcc\/wp-json\/wp\/v2\/comments?post=1857"}],"version-history":[{"count":1,"href":"https:\/\/blocs.xarxanet.org\/aipcc\/wp-json\/wp\/v2\/posts\/1857\/revisions"}],"predecessor-version":[{"id":1860,"href":"https:\/\/blocs.xarxanet.org\/aipcc\/wp-json\/wp\/v2\/posts\/1857\/revisions\/1860"}],"wp:attachment":[{"href":"https:\/\/blocs.xarxanet.org\/aipcc\/wp-json\/wp\/v2\/media?parent=1857"}],"wp:term":[{"taxonomy":"category","embeddable":true,"href":"https:\/\/blocs.xarxanet.org\/aipcc\/wp-json\/wp\/v2\/categories?post=1857"},{"taxonomy":"post_tag","embeddable":true,"href":"https:\/\/blocs.xarxanet.org\/aipcc\/wp-json\/wp\/v2\/tags?post=1857"}],"curies":[{"name":"wp","href":"https:\/\/api.w.org\/{rel}","templated":true}]}}