{"id":1376,"date":"2018-11-25T10:06:50","date_gmt":"2018-11-25T10:06:50","guid":{"rendered":"http:\/\/blocs.xarxanet.org\/aipcc\/?p=1376"},"modified":"2018-11-25T10:06:50","modified_gmt":"2018-11-25T10:06:50","slug":"taller-de-bastons-al-arc-del-triomf-festa-dels-jocs-i-lleure-amb-catala","status":"publish","type":"post","link":"https:\/\/blocs.xarxanet.org\/aipcc\/2018\/11\/25\/taller-de-bastons-al-arc-del-triomf-festa-dels-jocs-i-lleure-amb-catala\/","title":{"rendered":"Taller de bastons al Arc del Triomf Festa dels Jocs i lleure amb catal\u00e0."},"content":{"rendered":"<p>El passat dia 18 es va celebrar la Festa dels Jocs i lleure amb Catal\u00e0, components dels Bastoners del Raval van assistir a realitzar els tallers de bastons, per\u00f2 el dia es va llevar amb pluja i es va que haver d&#8217;anul\u00b7lar el taller, esperem l&#8217;any que ve el puguem celebrar la festa.<a href=\"http:\/\/blocs.xarxanet.org\/aipcc\/files\/2018\/11\/20181118_104053.jpg\"><img loading=\"lazy\" decoding=\"async\" class=\"alignright  wp-image-1377\" src=\"http:\/\/blocs.xarxanet.org\/aipcc\/files\/2018\/11\/20181118_104053-300x225.jpg\" alt=\"\" width=\"221\" height=\"166\" srcset=\"https:\/\/blocs.xarxanet.org\/aipcc\/files\/2018\/11\/20181118_104053-300x225.jpg 300w, https:\/\/blocs.xarxanet.org\/aipcc\/files\/2018\/11\/20181118_104053-768x576.jpg 768w, https:\/\/blocs.xarxanet.org\/aipcc\/files\/2018\/11\/20181118_104053-1024x768.jpg 1024w\" sizes=\"auto, (max-width: 221px) 100vw, 221px\" \/><\/a><a href=\"http:\/\/blocs.xarxanet.org\/aipcc\/files\/2018\/11\/thumbnail.jpeg\"><img loading=\"lazy\" decoding=\"async\" class=\"alignright  wp-image-1378\" src=\"http:\/\/blocs.xarxanet.org\/aipcc\/files\/2018\/11\/thumbnail-300x225.jpeg\" alt=\"\" width=\"220\" height=\"165\" srcset=\"https:\/\/blocs.xarxanet.org\/aipcc\/files\/2018\/11\/thumbnail-300x225.jpeg 300w, https:\/\/blocs.xarxanet.org\/aipcc\/files\/2018\/11\/thumbnail.jpeg 400w\" sizes=\"auto, (max-width: 220px) 100vw, 220px\" \/><\/a><\/p>\n","protected":false},"excerpt":{"rendered":"<p>El passat dia 18 es va celebrar la Festa dels Jocs i lleure amb Catal\u00e0, components dels Bastoners del Raval van assistir a realitzar els tallers de bastons, per\u00f2 el dia es va llevar amb pluja i es va que &hellip; <a href=\"https:\/\/blocs.xarxanet.org\/aipcc\/2018\/11\/25\/taller-de-bastons-al-arc-del-triomf-festa-dels-jocs-i-lleure-amb-catala\/\">Continue reading <span class=\"meta-nav\">&rarr;<\/span><\/a><\/p>\n","protected":false},"author":330,"featured_media":0,"comment_status":"open","ping_status":"open","sticky":false,"template":"","format":"standard","meta":{"footnotes":""},"categories":[1002,62671,61804,14],"tags":[],"class_list":["post-1376","post","type-post","status-publish","format-standard","hentry","category-fotos","category-aipcc","category-bastoners-del-raval","category-noticies"],"_links":{"self":[{"href":"https:\/\/blocs.xarxanet.org\/aipcc\/wp-json\/wp\/v2\/posts\/1376","targetHints":{"allow":["GET"]}}],"collection":[{"href":"https:\/\/blocs.xarxanet.org\/aipcc\/wp-json\/wp\/v2\/posts"}],"about":[{"href":"https:\/\/blocs.xarxanet.org\/aipcc\/wp-json\/wp\/v2\/types\/post"}],"author":[{"embeddable":true,"href":"https:\/\/blocs.xarxanet.org\/aipcc\/wp-json\/wp\/v2\/users\/330"}],"replies":[{"embeddable":true,"href":"https:\/\/blocs.xarxanet.org\/aipcc\/wp-json\/wp\/v2\/comments?post=1376"}],"version-history":[{"count":1,"href":"https:\/\/blocs.xarxanet.org\/aipcc\/wp-json\/wp\/v2\/posts\/1376\/revisions"}],"predecessor-version":[{"id":1379,"href":"https:\/\/blocs.xarxanet.org\/aipcc\/wp-json\/wp\/v2\/posts\/1376\/revisions\/1379"}],"wp:attachment":[{"href":"https:\/\/blocs.xarxanet.org\/aipcc\/wp-json\/wp\/v2\/media?parent=1376"}],"wp:term":[{"taxonomy":"category","embeddable":true,"href":"https:\/\/blocs.xarxanet.org\/aipcc\/wp-json\/wp\/v2\/categories?post=1376"},{"taxonomy":"post_tag","embeddable":true,"href":"https:\/\/blocs.xarxanet.org\/aipcc\/wp-json\/wp\/v2\/tags?post=1376"}],"curies":[{"name":"wp","href":"https:\/\/api.w.org\/{rel}","templated":true}]}}