{"id":1345,"date":"2018-11-12T12:28:48","date_gmt":"2018-11-12T12:28:48","guid":{"rendered":"http:\/\/blocs.xarxanet.org\/aipcc\/?p=1345"},"modified":"2018-11-12T12:28:48","modified_gmt":"2018-11-12T12:28:48","slug":"concert-de-corals-a-ravals","status":"publish","type":"post","link":"https:\/\/blocs.xarxanet.org\/aipcc\/2018\/11\/12\/concert-de-corals-a-ravals\/","title":{"rendered":"Concert de corals a Ravals"},"content":{"rendered":"<p>El passat dia 10 de novembre de 2018, a les <span class=\"hiddenGrammarError\">12h<\/span>. <span class=\"hiddenGrammarError\">a<\/span>l teatre <span class=\"hiddenSpellError\">Romea<\/span> va tenir el concert de corals del <span class=\"hiddenGrammarError\">Barri<\/span> del Raval i com no podia faltar les Cantaires de Mon Raval van participar, dedicat a la seva companya Maria <span class=\"hiddenSpellError\">Casas<\/span> que el passat dia 5 d&#8217;octubre va ser enterrada despr\u00e9s d&#8217;una malaltia.<br \/>\nVan cantar La Meva \u00c0via i Arreu del M\u00f3n can\u00e7\u00f3 reivindicativa de la injust\u00edcia que pateix el nostre poble, perqu\u00e8 no n\u00f3s deixa&#8217;n votar lliurement.<a href=\"http:\/\/blocs.xarxanet.org\/aipcc\/files\/2018\/11\/20181110_112215.jpg\"><img loading=\"lazy\" decoding=\"async\" class=\"aligncenter size-medium wp-image-1346\" src=\"http:\/\/blocs.xarxanet.org\/aipcc\/files\/2018\/11\/20181110_112215-300x225.jpg\" alt=\"\" width=\"300\" height=\"225\" srcset=\"https:\/\/blocs.xarxanet.org\/aipcc\/files\/2018\/11\/20181110_112215-300x225.jpg 300w, https:\/\/blocs.xarxanet.org\/aipcc\/files\/2018\/11\/20181110_112215-768x576.jpg 768w, https:\/\/blocs.xarxanet.org\/aipcc\/files\/2018\/11\/20181110_112215-1024x768.jpg 1024w\" sizes=\"auto, (max-width: 300px) 100vw, 300px\" \/><\/a><a href=\"http:\/\/blocs.xarxanet.org\/aipcc\/files\/2018\/11\/DSCF5491.jpg\"><img loading=\"lazy\" decoding=\"async\" class=\"aligncenter size-medium wp-image-1347\" src=\"http:\/\/blocs.xarxanet.org\/aipcc\/files\/2018\/11\/DSCF5491-300x225.jpg\" alt=\"\" width=\"300\" height=\"225\" srcset=\"https:\/\/blocs.xarxanet.org\/aipcc\/files\/2018\/11\/DSCF5491-300x225.jpg 300w, https:\/\/blocs.xarxanet.org\/aipcc\/files\/2018\/11\/DSCF5491-768x576.jpg 768w, https:\/\/blocs.xarxanet.org\/aipcc\/files\/2018\/11\/DSCF5491-1024x768.jpg 1024w\" sizes=\"auto, (max-width: 300px) 100vw, 300px\" \/><\/a><\/p>\n","protected":false},"excerpt":{"rendered":"<p>El passat dia 10 de novembre de 2018, a les 12h. al teatre Romea va tenir el concert de corals del Barri del Raval i com no podia faltar les Cantaires de Mon Raval van participar, dedicat a la seva &hellip; <a href=\"https:\/\/blocs.xarxanet.org\/aipcc\/2018\/11\/12\/concert-de-corals-a-ravals\/\">Continue reading <span class=\"meta-nav\">&rarr;<\/span><\/a><\/p>\n","protected":false},"author":330,"featured_media":0,"comment_status":"open","ping_status":"open","sticky":false,"template":"","format":"standard","meta":{"footnotes":""},"categories":[1002,62671,62674],"tags":[],"class_list":["post-1345","post","type-post","status-publish","format-standard","hentry","category-fotos","category-aipcc","category-mon-raval"],"_links":{"self":[{"href":"https:\/\/blocs.xarxanet.org\/aipcc\/wp-json\/wp\/v2\/posts\/1345","targetHints":{"allow":["GET"]}}],"collection":[{"href":"https:\/\/blocs.xarxanet.org\/aipcc\/wp-json\/wp\/v2\/posts"}],"about":[{"href":"https:\/\/blocs.xarxanet.org\/aipcc\/wp-json\/wp\/v2\/types\/post"}],"author":[{"embeddable":true,"href":"https:\/\/blocs.xarxanet.org\/aipcc\/wp-json\/wp\/v2\/users\/330"}],"replies":[{"embeddable":true,"href":"https:\/\/blocs.xarxanet.org\/aipcc\/wp-json\/wp\/v2\/comments?post=1345"}],"version-history":[{"count":1,"href":"https:\/\/blocs.xarxanet.org\/aipcc\/wp-json\/wp\/v2\/posts\/1345\/revisions"}],"predecessor-version":[{"id":1348,"href":"https:\/\/blocs.xarxanet.org\/aipcc\/wp-json\/wp\/v2\/posts\/1345\/revisions\/1348"}],"wp:attachment":[{"href":"https:\/\/blocs.xarxanet.org\/aipcc\/wp-json\/wp\/v2\/media?parent=1345"}],"wp:term":[{"taxonomy":"category","embeddable":true,"href":"https:\/\/blocs.xarxanet.org\/aipcc\/wp-json\/wp\/v2\/categories?post=1345"},{"taxonomy":"post_tag","embeddable":true,"href":"https:\/\/blocs.xarxanet.org\/aipcc\/wp-json\/wp\/v2\/tags?post=1345"}],"curies":[{"name":"wp","href":"https:\/\/api.w.org\/{rel}","templated":true}]}}