{"id":1325,"date":"2018-10-28T19:45:28","date_gmt":"2018-10-28T19:45:28","guid":{"rendered":"http:\/\/blocs.xarxanet.org\/aipcc\/?p=1325"},"modified":"2018-10-28T19:54:28","modified_gmt":"2018-10-28T19:54:28","slug":"participacio-a-les-festes-de-la-merce-2018","status":"publish","type":"post","link":"https:\/\/blocs.xarxanet.org\/aipcc\/2018\/10\/28\/participacio-a-les-festes-de-la-merce-2018\/","title":{"rendered":"Participaci\u00f3 a les Festes de la Merc\u00e8 2018"},"content":{"rendered":"<p>Vam gaudir i van participar de les festes de la nostra ciutat, Festes de la Merc\u00e8, amb el mat\u00ed Bastoners, Cercavila de Festa Major i cantada a la pla\u00e7a de Catalunya.<\/p>\n<div id=\"attachment_1326\" style=\"width: 235px\" class=\"wp-caption aligncenter\"><a href=\"http:\/\/blocs.xarxanet.org\/aipcc\/files\/2018\/10\/20180922_103932-e1540755292153.jpg\"><img loading=\"lazy\" decoding=\"async\" aria-describedby=\"caption-attachment-1326\" class=\"size-medium wp-image-1326\" src=\"http:\/\/blocs.xarxanet.org\/aipcc\/files\/2018\/10\/20180922_103932-e1540755292153-225x300.jpg\" alt=\"\" width=\"225\" height=\"300\" srcset=\"https:\/\/blocs.xarxanet.org\/aipcc\/files\/2018\/10\/20180922_103932-e1540755292153-225x300.jpg 225w, https:\/\/blocs.xarxanet.org\/aipcc\/files\/2018\/10\/20180922_103932-e1540755292153-768x1024.jpg 768w\" sizes=\"auto, (max-width: 225px) 100vw, 225px\" \/><\/a><p id=\"caption-attachment-1326\" class=\"wp-caption-text\">Colla petita<\/p><\/div>\n<p><a href=\"http:\/\/blocs.xarxanet.org\/aipcc\/files\/2018\/10\/IMG-20180925-WA0006.jpg\"><img loading=\"lazy\" decoding=\"async\" class=\"alignright size-thumbnail wp-image-1327\" src=\"http:\/\/blocs.xarxanet.org\/aipcc\/files\/2018\/10\/IMG-20180925-WA0006-150x150.jpg\" alt=\"\" width=\"150\" height=\"150\" \/><\/a><a href=\"http:\/\/blocs.xarxanet.org\/aipcc\/files\/2018\/10\/IMG-20180926-WA0014-1.jpg\"><img loading=\"lazy\" decoding=\"async\" class=\"alignright size-thumbnail wp-image-1329\" src=\"http:\/\/blocs.xarxanet.org\/aipcc\/files\/2018\/10\/IMG-20180926-WA0014-1-150x150.jpg\" alt=\"\" width=\"150\" height=\"150\" \/><\/a><a href=\"http:\/\/blocs.xarxanet.org\/aipcc\/files\/2018\/10\/IMG-20180926-WA0019.jpg\"><img loading=\"lazy\" decoding=\"async\" class=\"alignleft size-thumbnail wp-image-1331\" src=\"http:\/\/blocs.xarxanet.org\/aipcc\/files\/2018\/10\/IMG-20180926-WA0019-150x150.jpg\" alt=\"\" width=\"150\" height=\"150\" \/><\/a><\/p>\n<div id=\"attachment_1330\" style=\"width: 310px\" class=\"wp-caption aligncenter\"><a href=\"http:\/\/blocs.xarxanet.org\/aipcc\/files\/2018\/10\/IMG-20180926-WA0018.jpg\"><img loading=\"lazy\" decoding=\"async\" aria-describedby=\"caption-attachment-1330\" class=\"size-medium wp-image-1330\" src=\"http:\/\/blocs.xarxanet.org\/aipcc\/files\/2018\/10\/IMG-20180926-WA0018-300x225.jpg\" alt=\"\" width=\"300\" height=\"225\" srcset=\"https:\/\/blocs.xarxanet.org\/aipcc\/files\/2018\/10\/IMG-20180926-WA0018-300x225.jpg 300w, https:\/\/blocs.xarxanet.org\/aipcc\/files\/2018\/10\/IMG-20180926-WA0018-768x576.jpg 768w, https:\/\/blocs.xarxanet.org\/aipcc\/files\/2018\/10\/IMG-20180926-WA0018-1024x768.jpg 1024w, https:\/\/blocs.xarxanet.org\/aipcc\/files\/2018\/10\/IMG-20180926-WA0018.jpg 1600w\" sizes=\"auto, (max-width: 300px) 100vw, 300px\" \/><\/a><p id=\"caption-attachment-1330\" class=\"wp-caption-text\">Bastoners del Raval<\/p><\/div>\n<div id=\"attachment_1332\" style=\"width: 160px\" class=\"wp-caption alignleft\"><a href=\"http:\/\/blocs.xarxanet.org\/aipcc\/files\/2018\/10\/IMG-20181002-WA0037.jpg\"><img loading=\"lazy\" decoding=\"async\" aria-describedby=\"caption-attachment-1332\" class=\"size-thumbnail wp-image-1332\" src=\"http:\/\/blocs.xarxanet.org\/aipcc\/files\/2018\/10\/IMG-20181002-WA0037-150x150.jpg\" alt=\"\" width=\"150\" height=\"150\" \/><\/a><p id=\"caption-attachment-1332\" class=\"wp-caption-text\">Bouet i Vaqueta del Raval<\/p><\/div>\n<div id=\"attachment_1333\" style=\"width: 160px\" class=\"wp-caption aligncenter\"><a href=\"http:\/\/blocs.xarxanet.org\/aipcc\/files\/2018\/10\/20180924_100457-e1540755882925.jpg\"><img loading=\"lazy\" decoding=\"async\" aria-describedby=\"caption-attachment-1333\" class=\"size-thumbnail wp-image-1333\" src=\"http:\/\/blocs.xarxanet.org\/aipcc\/files\/2018\/10\/20180924_100457-e1540755882925-150x150.jpg\" alt=\"\" width=\"150\" height=\"150\" \/><\/a><p id=\"caption-attachment-1333\" class=\"wp-caption-text\">Grup Mon Raval<\/p><\/div>\n","protected":false},"excerpt":{"rendered":"<p>Vam gaudir i van participar de les festes de la nostra ciutat, Festes de la Merc\u00e8, amb el mat\u00ed Bastoners, Cercavila de Festa Major i cantada a la pla\u00e7a de Catalunya.<\/p>\n","protected":false},"author":330,"featured_media":0,"comment_status":"open","ping_status":"open","sticky":false,"template":"","format":"standard","meta":{"footnotes":""},"categories":[1002,62671,61804,61805,62674],"tags":[],"class_list":["post-1325","post","type-post","status-publish","format-standard","hentry","category-fotos","category-aipcc","category-bastoners-del-raval","category-bouets-i-la-vaqueta-del-raval","category-mon-raval"],"_links":{"self":[{"href":"https:\/\/blocs.xarxanet.org\/aipcc\/wp-json\/wp\/v2\/posts\/1325","targetHints":{"allow":["GET"]}}],"collection":[{"href":"https:\/\/blocs.xarxanet.org\/aipcc\/wp-json\/wp\/v2\/posts"}],"about":[{"href":"https:\/\/blocs.xarxanet.org\/aipcc\/wp-json\/wp\/v2\/types\/post"}],"author":[{"embeddable":true,"href":"https:\/\/blocs.xarxanet.org\/aipcc\/wp-json\/wp\/v2\/users\/330"}],"replies":[{"embeddable":true,"href":"https:\/\/blocs.xarxanet.org\/aipcc\/wp-json\/wp\/v2\/comments?post=1325"}],"version-history":[{"count":1,"href":"https:\/\/blocs.xarxanet.org\/aipcc\/wp-json\/wp\/v2\/posts\/1325\/revisions"}],"predecessor-version":[{"id":1334,"href":"https:\/\/blocs.xarxanet.org\/aipcc\/wp-json\/wp\/v2\/posts\/1325\/revisions\/1334"}],"wp:attachment":[{"href":"https:\/\/blocs.xarxanet.org\/aipcc\/wp-json\/wp\/v2\/media?parent=1325"}],"wp:term":[{"taxonomy":"category","embeddable":true,"href":"https:\/\/blocs.xarxanet.org\/aipcc\/wp-json\/wp\/v2\/categories?post=1325"},{"taxonomy":"post_tag","embeddable":true,"href":"https:\/\/blocs.xarxanet.org\/aipcc\/wp-json\/wp\/v2\/tags?post=1325"}],"curies":[{"name":"wp","href":"https:\/\/api.w.org\/{rel}","templated":true}]}}